{"id":1041,"date":"2024-05-31T11:49:52","date_gmt":"2024-05-31T09:49:52","guid":{"rendered":"https:\/\/radiounion.es\/?p=1041"},"modified":"2024-05-31T11:49:52","modified_gmt":"2024-05-31T09:49:52","slug":"el-cante-de-las-minas-se-suma-al-podcast","status":"publish","type":"post","link":"http:\/\/radiounion.es\/index.php\/2024\/05\/31\/el-cante-de-las-minas-se-suma-al-podcast\/","title":{"rendered":"El Cante de las Minas se suma al podcast"},"content":{"rendered":"<p><strong>Como novedad, el Festival contar\u00e1 este a\u00f1o con un conjunto de programas en formato v\u00eddeo, guiados por el periodista Juan Ram\u00f3n Lucas, que ahondar\u00e1n en la esencia de este evento flamenco a trav\u00e9s de di\u00e1logos con artistas y personalidades del flamenco<\/strong><\/p>\n<p>Madrid se convierte en sede de una nueva iniciativa que pretende impulsar el Festival Internacional del Cante de las Minas a trav\u00e9s de los nuevos formatos, como es el caso del podcast. Juan Ram\u00f3n Lucas, que este a\u00f1o se ha incorporado como embajador del Festival, comenz\u00f3 ayer la grabaci\u00f3n de un conjunto de programas que impulsar\u00e1n las ra\u00edces del flamenco en La Uni\u00f3n a todo el mundo.<\/p>\n<p>El Corral de la Morer\u00eda, sede oficial del Cante de las Minas en la Capital, ha sido el escenario sobre el que el periodista ha reunido a algunos de los artistas y personalidades del mundo del flamenco m\u00e1s destacados, estrechamente unidos al Festival. Cantaores como Pitingo, bailaores como Edu Guerrero, cr\u00edticos como Jose Manuel Gamboa o conocidas voces vinculadas al flamenco como Teo S\u00e1nchez (Premio \u2018Pencho Cros\u2019 al Periodismo) y Juan Luis Cano, ahondar\u00e1n la importancia del concurso y lo que supone para los artistas, as\u00ed como el v\u00ednculo del arte jondo y la mina.<\/p>\n<p>Se trata de una apuesta por el formato audiovisual, con entrevistas cercanas que har\u00e1n que este medio de comunicaci\u00f3n refuerce la necesidad de \u201ctomarse en serio el arte flamenco y vincularlo a la marca Espa\u00f1a, como parte de nuestro car\u00e1cter\u201d, indica Lucas. \u201cPara m\u00ed es una experiencia muy grata, porque el podcast es la siguiente pantalla a la radio, que ha sido mi vida, y ahora lo hago hablando del Festival y descubriendo a trav\u00e9s de este medio tan singular de comunicaci\u00f3n el alma del Festival\u201d, se\u00f1ala.<\/p>\n<p>\u201cSe abre una nueva ventana a la comunicaci\u00f3n que no hab\u00edamos explorado antes, totalmente novedosa, a cargo de uno de los mejores comunicadores de Espa\u00f1a\u201d, se\u00f1ala el presidente de la Fundaci\u00f3n Cante de las Minas, Joaqu\u00edn Zapata. \u201cEs un producto que cualquier amante del flamenco va a disfrutar y que quien no lo sea, se pueda aficionar viendo estos videopodcast\u201d, a\u00f1ade.<\/p>\n<p>\u201cEs importante estar del lado del flamenco y contribuir a que llegue a m\u00e1s gente, sea m\u00e1s conocido y respetado, y los aficionados somos los primeros que debemos empujar\u201d, indic\u00f3 durante la grabaci\u00f3n el periodista Juan Luis Cano.<\/p>\n<p>&nbsp;<\/p>\n<p>Los contenidos se podr\u00e1n disfrutar pr\u00f3ximamente en las redes sociales oficiales del Festival Internacional del Cante de las Minas.<\/p>\n","protected":false},"excerpt":{"rendered":"<p>Como novedad, el Festival contar\u00e1 este a\u00f1o con un conjunto de programas en formato v\u00eddeo, guiados por el periodista Juan Ram\u00f3n Lucas, que ahondar\u00e1n en la esencia de este evento flamenco a trav\u00e9s de di\u00e1logos con artistas y personalidades del flamenco Madrid se convierte en sede de una nueva iniciativa que pretende impulsar el Festival [&hellip;]<\/p>\n","protected":false},"author":2,"featured_media":1042,"comment_status":"open","ping_status":"open","sticky":false,"template":"","format":"standard","meta":{"footnotes":""},"categories":[5],"tags":[],"class_list":["post-1041","post","type-post","status-publish","format-standard","has-post-thumbnail","hentry","category-noticias"],"_links":{"self":[{"href":"http:\/\/radiounion.es\/index.php\/wp-json\/wp\/v2\/posts\/1041","targetHints":{"allow":["GET"]}}],"collection":[{"href":"http:\/\/radiounion.es\/index.php\/wp-json\/wp\/v2\/posts"}],"about":[{"href":"http:\/\/radiounion.es\/index.php\/wp-json\/wp\/v2\/types\/post"}],"author":[{"embeddable":true,"href":"http:\/\/radiounion.es\/index.php\/wp-json\/wp\/v2\/users\/2"}],"replies":[{"embeddable":true,"href":"http:\/\/radiounion.es\/index.php\/wp-json\/wp\/v2\/comments?post=1041"}],"version-history":[{"count":1,"href":"http:\/\/radiounion.es\/index.php\/wp-json\/wp\/v2\/posts\/1041\/revisions"}],"predecessor-version":[{"id":1043,"href":"http:\/\/radiounion.es\/index.php\/wp-json\/wp\/v2\/posts\/1041\/revisions\/1043"}],"wp:featuredmedia":[{"embeddable":true,"href":"http:\/\/radiounion.es\/index.php\/wp-json\/wp\/v2\/media\/1042"}],"wp:attachment":[{"href":"http:\/\/radiounion.es\/index.php\/wp-json\/wp\/v2\/media?parent=1041"}],"wp:term":[{"taxonomy":"category","embeddable":true,"href":"http:\/\/radiounion.es\/index.php\/wp-json\/wp\/v2\/categories?post=1041"},{"taxonomy":"post_tag","embeddable":true,"href":"http:\/\/radiounion.es\/index.php\/wp-json\/wp\/v2\/tags?post=1041"}],"curies":[{"name":"wp","href":"https:\/\/api.w.org\/{rel}","templated":true}]}}