{"id":1044,"date":"2024-06-03T08:39:28","date_gmt":"2024-06-03T06:39:28","guid":{"rendered":"https:\/\/radiounion.es\/?p=1044"},"modified":"2024-06-03T08:39:50","modified_gmt":"2024-06-03T06:39:50","slug":"la-periodista-japonesa-kyoko-shikaze-se-incorpora-al-jurado-del-63a-cante-de-las-minas","status":"publish","type":"post","link":"http:\/\/radiounion.es\/index.php\/2024\/06\/03\/la-periodista-japonesa-kyoko-shikaze-se-incorpora-al-jurado-del-63a-cante-de-las-minas\/","title":{"rendered":"La periodista japonesa Kyoko Shikaze se incorpora al jurado del 63\u00aa Cante de las Minas"},"content":{"rendered":"<p><strong>Se suma a Jos\u00e9 Manuel Gamboa, Manuel Boh\u00f3rquez y Francisco Paredes para elegir a los ganadores del concurso, con Blanca del Rey repitiendo a la presidencia y Salvador Alcaraz como secretario<\/strong><\/p>\n<p>El car\u00e1cter internacional del Cante de las Minas se refuerza en esta 63\u00aa edici\u00f3n en el jurado de su concurso. La periodista japonesa Kyoko Shikaze se suma al productor flamenco, Jos\u00e9 Manuel Gamboa, al periodista Manuel Boh\u00f3rquez y al flamenc\u00f3logo Francisco Paredes, que ya formaron parte de este \u00f3rgano de decisi\u00f3n en la anterior edici\u00f3n, para elegir a los nuevos ganadores de los m\u00e1ximos reconocimientos del Festival. A la presidencia repite Blanca del Rey, as\u00ed como Salvador Alcaraz como secretario.<\/p>\n<p>Kyoko afirma que el flamenco es parte de su identidad, acumulando d\u00e9cadas transmitiendo a su pa\u00eds c\u00f3mo se concibe en Espa\u00f1a este arte a trav\u00e9s de numerosas publicaciones como \u2018Paseo Flamenco\u2019, adem\u00e1s de haber acompa\u00f1ado como tour manager a grandes artistas como Paco de Luc\u00eda. Sin embargo, se trata de la primera vez que forma parte del jurado de un festival de flamenco en Espa\u00f1a. \u201cEs un honor y una responsabilidad muy grande\u201d, afirma, y transmite sus ganas de \u201cconocer a\u00fan m\u00e1s La Uni\u00f3n y ver c\u00f3mo vive la gente el Festival, ya que viene mucha gente de fuera de Espa\u00f1a\u201d. Y es que la periodista ha acudido al Cante de las Minas cada vez que Jap\u00f3n ha estado presente, como la edici\u00f3n homenaje a este pa\u00eds en 2010 o cada una de las veces que una concursante japonesa ha llegado hasta las semifinales.<\/p>\n<p>La primera vez que oy\u00f3 hablar del festival fue a finales de los 80, cuando se \u2018enganch\u00f3\u2019 al flamenco, haciendo de Espa\u00f1a su casa en 1987 y desarrollando su labor a favor del flamenco desde aqu\u00ed. \u201cHice un listado de festivales y no sab\u00eda que exist\u00eda uno tan grande e importante fuera de Andaluc\u00eda y cuando lo visit\u00e9, me sorprendi\u00f3 a\u00fan m\u00e1s\u201d, recuerda. Fue en 1990 cuando acudi\u00f3 por primera vez, viendo el triunfo de Ildefonso Pinto, que se alz\u00f3 con la \u2018L\u00e1mpara Minera\u2019.<\/p>\n<p>\u201cLa gente del pueblo apoya mucho al Festival y eso es impresionante. Todo el mundo sabe que hay un Festival en La Uni\u00f3n y el concurso les da a conocer, como un trampol\u00edn, y hace que muchos artistas trabajen y mejoren en el flamenco en general al prepararse, independientemente de que ganen el premio\u201d, matiza.<\/p>\n<p>\u201cTengo muchas ganas de ver a los participantes. El nivel es muy alto a nivel t\u00e9cnico hoy en d\u00eda y ser\u00e1 muy dif\u00edcil, pero seguro que habr\u00e1 quien destaque con su personalidad\u201d, concluye Shikaze, que estar\u00e1 presente, junto a Jos\u00e9 Manuel Gamboa, en la prueba selectiva del pr\u00f3ximo 7 de junio en el Espacio LAVA de Valladolid.<\/p>\n<p>\u00abEn nuestro objetivo de reforzar el prestigio de nuestro Festival y su mayor tesoro, que es el concurso, la incorporaci\u00f3n de Kyoko supone una suma indiscutible en la elecci\u00f3n de los artistas que este a\u00f1o alzar\u00e1n los galardones m\u00e1s ansiados del mundo del flamenco. El Cante de las Minas le abre las puertas y agradece su apuesta por este g\u00e9nero que desde hace muchos a\u00f1os disfruta tambi\u00e9n en La Uni\u00f3n\u201d, se\u00f1ala el presidente de la Fundaci\u00f3n Cante de las Minas, Joaqu\u00edn Zapata.<\/p>\n","protected":false},"excerpt":{"rendered":"<p>Se suma a Jos\u00e9 Manuel Gamboa, Manuel Boh\u00f3rquez y Francisco Paredes para elegir a los ganadores del concurso, con Blanca del Rey repitiendo a la presidencia y Salvador Alcaraz como secretario El car\u00e1cter internacional del Cante de las Minas se refuerza en esta 63\u00aa edici\u00f3n en el jurado de su concurso. La periodista japonesa Kyoko [&hellip;]<\/p>\n","protected":false},"author":2,"featured_media":1045,"comment_status":"open","ping_status":"open","sticky":false,"template":"","format":"standard","meta":{"footnotes":""},"categories":[5],"tags":[],"class_list":["post-1044","post","type-post","status-publish","format-standard","has-post-thumbnail","hentry","category-noticias"],"_links":{"self":[{"href":"http:\/\/radiounion.es\/index.php\/wp-json\/wp\/v2\/posts\/1044","targetHints":{"allow":["GET"]}}],"collection":[{"href":"http:\/\/radiounion.es\/index.php\/wp-json\/wp\/v2\/posts"}],"about":[{"href":"http:\/\/radiounion.es\/index.php\/wp-json\/wp\/v2\/types\/post"}],"author":[{"embeddable":true,"href":"http:\/\/radiounion.es\/index.php\/wp-json\/wp\/v2\/users\/2"}],"replies":[{"embeddable":true,"href":"http:\/\/radiounion.es\/index.php\/wp-json\/wp\/v2\/comments?post=1044"}],"version-history":[{"count":1,"href":"http:\/\/radiounion.es\/index.php\/wp-json\/wp\/v2\/posts\/1044\/revisions"}],"predecessor-version":[{"id":1046,"href":"http:\/\/radiounion.es\/index.php\/wp-json\/wp\/v2\/posts\/1044\/revisions\/1046"}],"wp:featuredmedia":[{"embeddable":true,"href":"http:\/\/radiounion.es\/index.php\/wp-json\/wp\/v2\/media\/1045"}],"wp:attachment":[{"href":"http:\/\/radiounion.es\/index.php\/wp-json\/wp\/v2\/media?parent=1044"}],"wp:term":[{"taxonomy":"category","embeddable":true,"href":"http:\/\/radiounion.es\/index.php\/wp-json\/wp\/v2\/categories?post=1044"},{"taxonomy":"post_tag","embeddable":true,"href":"http:\/\/radiounion.es\/index.php\/wp-json\/wp\/v2\/tags?post=1044"}],"curies":[{"name":"wp","href":"https:\/\/api.w.org\/{rel}","templated":true}]}}