{"id":1052,"date":"2024-06-05T08:17:42","date_gmt":"2024-06-05T06:17:42","guid":{"rendered":"https:\/\/radiounion.es\/?p=1052"},"modified":"2024-06-05T08:17:42","modified_gmt":"2024-06-05T06:17:42","slug":"el-cante-de-las-minas-impulsa-una-region-d-talentos-a-traves-del-flamenco","status":"publish","type":"post","link":"http:\/\/radiounion.es\/index.php\/2024\/06\/05\/el-cante-de-las-minas-impulsa-una-region-d-talentos-a-traves-del-flamenco\/","title":{"rendered":"El Cante de las Minas impulsa una \u2018Regi\u00f3n  D Talentos\u2019 a trav\u00e9s del flamenco"},"content":{"rendered":"<p><strong>La Fundaci\u00f3n Cante de las Minas respalda un proyecto que pone en valor la determinaci\u00f3n individual de cerca de 120 murcianos que han llevado su talento a diferentes puntos del mapa, algunos de ellos defensores del flamenco.<\/strong><\/p>\n<p><strong>En la presentaci\u00f3n de la publicaci\u00f3n, elaborada por la redacci\u00f3n de La Verdad, la cantaora Carmen Door\u00e1 y el guitarrista Antonio Mu\u00f1oz rindieron homenaje a los Cantes de Levante en la sede de Grupo Vocento.<\/strong><\/p>\n<p>&nbsp;<\/p>\n<p>A la hora de transformar el talento en cultura, el Festival Internacional del Cante de las Minas tiene mucho que decir. Por su concurso, considerado el m\u00e1s importante de flamenco del mundo, pasan cada a\u00f1o decenas de artistas que desean conseguir los m\u00e1ximos galardones y ver despegar su carrera como sucedi\u00f3 con Miguel Poveda, Pitingo o Roc\u00edo M\u00e1rquez. Ayer, la ra\u00edz de la Sierra Minera viaj\u00f3 hasta Madrid para rendir homenaje a los Cantes de Levante en la voz de la cantaora Carmen Door\u00e1 y el guitarrista oficial del Festival, Antonio Mu\u00f1oz, en la presentaci\u00f3n del proyecto \u2018Regi\u00f3n D Talentos\u2019 del diario La Verdad.<\/p>\n<p>La sede de Grupo Vocento fue el lugar que congreg\u00f3 a numerosas personalidades de sectores tan amplios como la cultura, la medicina, el deporte, la acci\u00f3n social o el mundo de la empresa, representantes de todo el talento que hay en la Regi\u00f3n de Murcia y que La Verdad ha querido plasmar en una revista especial que el pr\u00f3ximo 9 de junio se entregar\u00e1 con el peri\u00f3dico. En esta publicaci\u00f3n hay en torno a 120 perfiles de murcianos destacados que aunque han nacido en la Regi\u00f3n, viven ahora fuera de ella, brillando en sus respectivos sectores, como es el caso de la cantaora Carmen Door\u00e1 o la guitarrista Mercedes Luj\u00e1n. Una iniciativa que respalda la Fundaci\u00f3n Cante de las Minas, haciendo que ayer los asistentes disfrutaran tanto por mineras como por los tangos de La Estrella de Enrique Morente del arte jondo y de c\u00f3mo se vive desde La Uni\u00f3n.<\/p>\n<p>\u201cPodemos presumir de ser cuna de talento a nivel regional, pero en La Uni\u00f3n decimos con orgullo que somos cuna de un arte flamenco con esencia propia, que potencia a artistas de todos partes de Espa\u00f1a y tambi\u00e9n del extranjero tras su paso por nuestro concurso\u201d, se\u00f1ala el presidente de la Fundaci\u00f3n Cante de las Minas, Joaqu\u00edn Zapata, que acudi\u00f3 al evento junto a la vicepresidenta de la Fundaci\u00f3n, Aurora Rodenas.<\/p>\n<p>En el acto intervinieron el director del diario La Verdad, Alberto Aguirre de C\u00e1rcer, y el presidente de la Comunidad Aut\u00f3noma de la Regi\u00f3n de Murcia, moderado por la jefa de Prensa del Festival, Lydia Mart\u00edn. En el evento estuvo presente Cristobal Gabarr\u00f3n, autor del cartel de la 55\u00aa edici\u00f3n del Festival Internacional del Cante de las Minas, entre otros artistas y autoridades.<\/p>\n","protected":false},"excerpt":{"rendered":"<p>La Fundaci\u00f3n Cante de las Minas respalda un proyecto que pone en valor la determinaci\u00f3n individual de cerca de 120 murcianos que han llevado su talento a diferentes puntos del mapa, algunos de ellos defensores del flamenco. En la presentaci\u00f3n de la publicaci\u00f3n, elaborada por la redacci\u00f3n de La Verdad, la cantaora Carmen Door\u00e1 y [&hellip;]<\/p>\n","protected":false},"author":2,"featured_media":1053,"comment_status":"open","ping_status":"open","sticky":false,"template":"","format":"standard","meta":{"footnotes":""},"categories":[5],"tags":[],"class_list":["post-1052","post","type-post","status-publish","format-standard","has-post-thumbnail","hentry","category-noticias"],"_links":{"self":[{"href":"http:\/\/radiounion.es\/index.php\/wp-json\/wp\/v2\/posts\/1052","targetHints":{"allow":["GET"]}}],"collection":[{"href":"http:\/\/radiounion.es\/index.php\/wp-json\/wp\/v2\/posts"}],"about":[{"href":"http:\/\/radiounion.es\/index.php\/wp-json\/wp\/v2\/types\/post"}],"author":[{"embeddable":true,"href":"http:\/\/radiounion.es\/index.php\/wp-json\/wp\/v2\/users\/2"}],"replies":[{"embeddable":true,"href":"http:\/\/radiounion.es\/index.php\/wp-json\/wp\/v2\/comments?post=1052"}],"version-history":[{"count":1,"href":"http:\/\/radiounion.es\/index.php\/wp-json\/wp\/v2\/posts\/1052\/revisions"}],"predecessor-version":[{"id":1054,"href":"http:\/\/radiounion.es\/index.php\/wp-json\/wp\/v2\/posts\/1052\/revisions\/1054"}],"wp:featuredmedia":[{"embeddable":true,"href":"http:\/\/radiounion.es\/index.php\/wp-json\/wp\/v2\/media\/1053"}],"wp:attachment":[{"href":"http:\/\/radiounion.es\/index.php\/wp-json\/wp\/v2\/media?parent=1052"}],"wp:term":[{"taxonomy":"category","embeddable":true,"href":"http:\/\/radiounion.es\/index.php\/wp-json\/wp\/v2\/categories?post=1052"},{"taxonomy":"post_tag","embeddable":true,"href":"http:\/\/radiounion.es\/index.php\/wp-json\/wp\/v2\/tags?post=1052"}],"curies":[{"name":"wp","href":"https:\/\/api.w.org\/{rel}","templated":true}]}}