{"id":1071,"date":"2024-06-07T09:09:56","date_gmt":"2024-06-07T07:09:56","guid":{"rendered":"https:\/\/radiounion.es\/?p=1071"},"modified":"2024-06-07T09:09:56","modified_gmt":"2024-06-07T07:09:56","slug":"turbo-rock-30-de-mayo-2024","status":"publish","type":"post","link":"http:\/\/radiounion.es\/index.php\/2024\/06\/07\/turbo-rock-30-de-mayo-2024\/","title":{"rendered":"Turbo Rock 30 de mayo 2024"},"content":{"rendered":"<p>Edici\u00f3n semanal del programa Turbo Rock, para esta ocasi\u00f3n dedicado a la presentaci\u00f3n del \u00faltimo trabajo por parte de la brutal formaci\u00f3n valenciana 4 Bajo Zero, y llamados a convertirse en todo un referente dentro del estilo, ya que calidad tienen m\u00e1s que de sobra para ello, bajo ese t\u00edtulo de A Rocka Viva!!!!! Se incluye, durante el mismo, una tremenda entrevista de casi dos horas de duraci\u00f3n con Rebeca Mont\u00f3n, vocalista de la banda, y a quien tuvimos presente al otro lado del hilo telef\u00f3nico!!!!!<\/p>\n<p>Nos encontramos ya ante la tercera producci\u00f3n por parte de la banda siendo, sin duda, su mejor trabajo, hasta la fecha, marcando su regreso tras aquel Abominable, del 2018, de la mano del gran sello Demons Records, y siempre dentro de este estilo que practican, y en el cual rescatan ese Rock duro cl\u00e1sico con reminiscencias ochenteras, y letras en castellano, pero todo ello llevado a un sonido totalmente actualizado y muy directo. Este trabajo ha sido grabado, mezclado y masterizado bajo la atenta mirada de Facundo Novo a los controles en sus Novo Estudios (Valencia), y la verdad es que el resultado en cuanto a sonido es brutal. Todo el tema de dise\u00f1o gr\u00e1fico y portada ha sido obra del ilustrador Miguel \u00c1ngel Mu\u00f1oz Higueras, tambi\u00e9n m\u00fasico y componente de Stellium, de una manera realmente magistral, y resultando tremendo el resultado. El \u00e1lbum cuenta con gran la colaboraci\u00f3n de H\u00e9ctor Sierra a los teclados y Jos\u00e9 Lorente, con un tremendo solo de guitarra en una de las canciones. Estamos ante un trabajo muy cuidado, cargado de melod\u00edas muy poderosas que desprenden un br\u00edo incre\u00edble, meti\u00e9ndonos de pleno en un trabajo muy completo, con unos cortes que har\u00e1n disfrutar a todos esos fieles amantes del g\u00e9nero, junto todo un gran est\u00e1ndar de personalidad, por parte de una de las mejores bandas de corte cl\u00e1sico de este pa\u00eds, en la actualidad. Sinceramente, es todo un enorme placer escuchar este brutal trabajo.<\/p>\n<p>Y sobre todo ya sab\u00e9issssssss, dejad que el Metal fluya por vuestras venas con la fuerza del trueno&#8230;. en la tormentaaaaaaaa!!!!!<\/p>\n<audio class=\"wp-audio-shortcode\" id=\"audio-1071-1\" preload=\"none\" style=\"width: 100%;\" controls=\"controls\"><source type=\"audio\/mpeg\" src=\"https:\/\/www.ivoox.com\/turbo-rock-30-05-2024_md_129675267_wp_1.mp3?_=1\" \/><a href=\"https:\/\/www.ivoox.com\/turbo-rock-30-05-2024_md_129675267_wp_1.mp3\">https:\/\/www.ivoox.com\/turbo-rock-30-05-2024_md_129675267_wp_1.mp3<\/a><\/audio>\n<p>&nbsp;<\/p>\n","protected":false},"excerpt":{"rendered":"<p>Edici\u00f3n semanal del programa Turbo Rock, para esta ocasi\u00f3n dedicado a la presentaci\u00f3n del \u00faltimo trabajo por parte de la brutal formaci\u00f3n valenciana 4 Bajo Zero, y llamados a convertirse en todo un referente dentro del estilo, ya que calidad tienen m\u00e1s que de sobra para ello, bajo ese t\u00edtulo de A Rocka Viva!!!!! Se [&hellip;]<\/p>\n","protected":false},"author":2,"featured_media":1072,"comment_status":"open","ping_status":"open","sticky":false,"template":"","format":"standard","meta":{"footnotes":""},"categories":[13],"tags":[],"class_list":["post-1071","post","type-post","status-publish","format-standard","has-post-thumbnail","hentry","category-turbo-rock"],"_links":{"self":[{"href":"http:\/\/radiounion.es\/index.php\/wp-json\/wp\/v2\/posts\/1071","targetHints":{"allow":["GET"]}}],"collection":[{"href":"http:\/\/radiounion.es\/index.php\/wp-json\/wp\/v2\/posts"}],"about":[{"href":"http:\/\/radiounion.es\/index.php\/wp-json\/wp\/v2\/types\/post"}],"author":[{"embeddable":true,"href":"http:\/\/radiounion.es\/index.php\/wp-json\/wp\/v2\/users\/2"}],"replies":[{"embeddable":true,"href":"http:\/\/radiounion.es\/index.php\/wp-json\/wp\/v2\/comments?post=1071"}],"version-history":[{"count":1,"href":"http:\/\/radiounion.es\/index.php\/wp-json\/wp\/v2\/posts\/1071\/revisions"}],"predecessor-version":[{"id":1073,"href":"http:\/\/radiounion.es\/index.php\/wp-json\/wp\/v2\/posts\/1071\/revisions\/1073"}],"wp:featuredmedia":[{"embeddable":true,"href":"http:\/\/radiounion.es\/index.php\/wp-json\/wp\/v2\/media\/1072"}],"wp:attachment":[{"href":"http:\/\/radiounion.es\/index.php\/wp-json\/wp\/v2\/media?parent=1071"}],"wp:term":[{"taxonomy":"category","embeddable":true,"href":"http:\/\/radiounion.es\/index.php\/wp-json\/wp\/v2\/categories?post=1071"},{"taxonomy":"post_tag","embeddable":true,"href":"http:\/\/radiounion.es\/index.php\/wp-json\/wp\/v2\/tags?post=1071"}],"curies":[{"name":"wp","href":"https:\/\/api.w.org\/{rel}","templated":true}]}}