{"id":1082,"date":"2024-06-07T12:49:53","date_gmt":"2024-06-07T10:49:53","guid":{"rendered":"https:\/\/radiounion.es\/?p=1082"},"modified":"2024-06-07T12:49:53","modified_gmt":"2024-06-07T10:49:53","slug":"mas-de-70-artistas-del-flamenco-aspiran-a-los-maximos-galardones-del-cante-de-las-minas","status":"publish","type":"post","link":"http:\/\/radiounion.es\/index.php\/2024\/06\/07\/mas-de-70-artistas-del-flamenco-aspiran-a-los-maximos-galardones-del-cante-de-las-minas\/","title":{"rendered":"M\u00e1s de 70 artistas del flamenco aspiran a los m\u00e1ximos galardones del Cante de las Minas"},"content":{"rendered":"<p><strong>Entre los m\u00e1s de 300 inscritos, el jurado de esta edici\u00f3n ha comenzado a convocar a los seleccionados para acudir a las diferentes pruebas que se realizar\u00e1n por el territorio nacional, y que se inician hoy en Valladolid <\/strong><\/p>\n<p>El Festival Internacional del Cante de las Minas se acerca a toda velocidad. A poco menos de dos meses del inicio de esta 63\u00aa edici\u00f3n, comienzan las pruebas selectivas para elegir a los artistas del flamenco que se disputar\u00e1n los m\u00e1ximos galardones en la \u2018Catedral del Cante\u2019, en La Uni\u00f3n. El jurado de esta edici\u00f3n ha seleccionado a 75 artistas para darse cita en estas convocatorias, entre las m\u00e1s de 300 inscripciones para participar en el considerado el concurso de flamenco m\u00e1s importante del mundo.<\/p>\n<p>La categor\u00eda que m\u00e1s aspirantes congrega es la de cante, seguida de guitarra y baile. \u201cLos datos de inscripci\u00f3n nos demuestran la buena percepci\u00f3n de las bases de este a\u00f1o, que potenciar\u00e1n m\u00e1s que nunca nuestros cantes mineros y nuestra ra\u00edz\u201d, indica el presidente de la Fundaci\u00f3n Cante de las Minas, Joaqu\u00edn Zapata. El plazo para instrumentista flamenco sigue abierto hasta el d\u00eda 1 de julio.<\/p>\n<p>Las pruebas selectivas dan comienzo hoy en Valladolid, en la sala \u2018Concha Velasco\u2019 del Espacio Lava, en una gala enmarcada en las XX Jornadas Flamencas Ciudad de Valladolid. Ser\u00e1 a partir de las 20:00 horas con dos aspirantes en la categor\u00eda de cante, dos en la de guitarra flamenca y una en baile. Hasta all\u00ed se han desplazado el productor flamenco Jos\u00e9 Manuel Gamboa y la periodista Kyoko Shikaze, que se estrena como jurado de esta edici\u00f3n. El guitarrista que acompa\u00f1e al toque ser\u00e1 Antonio Mu\u00f1oz.<\/p>\n<p>Tras esta primera cita, las pruebas contin\u00faan en Viator (15 de junio), Denia (21 de junio), Torrevieja (28 de junio), Granada (29 de junio), Madrid (6 de julio) y Sagunto (20 de julio), pudiendo a\u00f1adir nuevas ciudades seg\u00fan necesidades de la convocatoria.<\/p>\n<p>Tras esto, los seleccionados llegar\u00e1n hasta las semifinales que tendr\u00e1n lugar los d\u00edas 8, 9 y 10 de agosto en la \u2018Catedral del Cante\u2019 de La Uni\u00f3n, aspirando a convertirse en finalistas y alzarse con los ansiados trofeos, que recogen en su historia grandes nombres como Miguel Poveda, Vicente Amigo, Roc\u00edo M\u00e1rquez, \u2018El Bola\u2019 o Alba Heredia, entre muchos otros. Estos son la \u2018L\u00e1mpara Minera\u2019 (cante), \u2018Bord\u00f3n Minero\u2019 (toque), \u2018Desplante\u2019 masculino y femenino (baile) y \u2018Fil\u00f3n\u2019 (instrumentista).<\/p>\n","protected":false},"excerpt":{"rendered":"<p>Entre los m\u00e1s de 300 inscritos, el jurado de esta edici\u00f3n ha comenzado a convocar a los seleccionados para acudir a las diferentes pruebas que se realizar\u00e1n por el territorio nacional, y que se inician hoy en Valladolid El Festival Internacional del Cante de las Minas se acerca a toda velocidad. A poco menos de [&hellip;]<\/p>\n","protected":false},"author":2,"featured_media":653,"comment_status":"open","ping_status":"open","sticky":false,"template":"","format":"standard","meta":{"footnotes":""},"categories":[5],"tags":[],"class_list":["post-1082","post","type-post","status-publish","format-standard","has-post-thumbnail","hentry","category-noticias"],"_links":{"self":[{"href":"http:\/\/radiounion.es\/index.php\/wp-json\/wp\/v2\/posts\/1082","targetHints":{"allow":["GET"]}}],"collection":[{"href":"http:\/\/radiounion.es\/index.php\/wp-json\/wp\/v2\/posts"}],"about":[{"href":"http:\/\/radiounion.es\/index.php\/wp-json\/wp\/v2\/types\/post"}],"author":[{"embeddable":true,"href":"http:\/\/radiounion.es\/index.php\/wp-json\/wp\/v2\/users\/2"}],"replies":[{"embeddable":true,"href":"http:\/\/radiounion.es\/index.php\/wp-json\/wp\/v2\/comments?post=1082"}],"version-history":[{"count":1,"href":"http:\/\/radiounion.es\/index.php\/wp-json\/wp\/v2\/posts\/1082\/revisions"}],"predecessor-version":[{"id":1083,"href":"http:\/\/radiounion.es\/index.php\/wp-json\/wp\/v2\/posts\/1082\/revisions\/1083"}],"wp:featuredmedia":[{"embeddable":true,"href":"http:\/\/radiounion.es\/index.php\/wp-json\/wp\/v2\/media\/653"}],"wp:attachment":[{"href":"http:\/\/radiounion.es\/index.php\/wp-json\/wp\/v2\/media?parent=1082"}],"wp:term":[{"taxonomy":"category","embeddable":true,"href":"http:\/\/radiounion.es\/index.php\/wp-json\/wp\/v2\/categories?post=1082"},{"taxonomy":"post_tag","embeddable":true,"href":"http:\/\/radiounion.es\/index.php\/wp-json\/wp\/v2\/tags?post=1082"}],"curies":[{"name":"wp","href":"https:\/\/api.w.org\/{rel}","templated":true}]}}