{"id":1087,"date":"2024-06-11T08:52:44","date_gmt":"2024-06-11T06:52:44","guid":{"rendered":"https:\/\/radiounion.es\/?p=1087"},"modified":"2024-06-11T08:52:44","modified_gmt":"2024-06-11T06:52:44","slug":"joma-y-el-coe-presentan-la-equipacion-espanola-que-vestiran-nuestros-deportistas-en-los-juegos-de-paris","status":"publish","type":"post","link":"http:\/\/radiounion.es\/index.php\/2024\/06\/11\/joma-y-el-coe-presentan-la-equipacion-espanola-que-vestiran-nuestros-deportistas-en-los-juegos-de-paris\/","title":{"rendered":"Joma y el COE presentan la equipaci\u00f3n espa\u00f1ola que vestir\u00e1n nuestros deportistas en los Juegos de Par\u00eds"},"content":{"rendered":"<p>Para los Juegos de Par\u00eds, los atletas espa\u00f1oles lucir\u00e1n una equipaci\u00f3n que fusiona la tradici\u00f3n con la modernidad. Este estilo se refleja en tejidos de alto rendimiento inspirados en el clavel, capturando la esencia de la cultura espa\u00f1ola con un toque contempor\u00e1neo y con la sostenibilidad como eje central.<\/p>\n<p>A tan solo un mes y medio de los Juegos de Par\u00eds, Joma y el Comit\u00e9 Ol\u00edmpico Espa\u00f1ol (COE) presentan la colecci\u00f3n oficial que lucir\u00e1n los deportistas espa\u00f1oles durante esta cita tan importante. Esta colaboraci\u00f3n se origin\u00f3 en 2015, cuando Joma firm\u00f3 el acuerdo para convertirse en el proveedor oficial de la indumentaria del equipo ol\u00edmpico espa\u00f1ol. Desde entonces, la marca espa\u00f1ola ha vestido a los atletas en diversas competiciones internacionales, incluyendo los Juegos de R\u00edo en 2016 y Tokio en 2020. Los Juegos de Par\u00eds marcar\u00e1n la tercera ocasi\u00f3n en la que Joma vista al COE, reafirmando su compromiso y apoyo al deporte espa\u00f1ol.<\/p>\n<p>El acto de presentaci\u00f3n se ha llevado a cabo en el Centro Cultural San Marcos, donde deportistas ol\u00edmpicos como los pirag\u00fcistas Marcus Cooper, Adri\u00e1n del R\u00edo y Paco<br \/>\nCubelos; el judoca Niko Shera; los taekwondistas Adri\u00e1n Vicente, Javier P\u00e9rez Polo y Adriana Cerezo; las gimnastas In\u00e9s Bergua, Patricia P\u00e9rez, Salma Solaun, Mireia<br \/>\nMart\u00ednez y Ana Arnau; la tenista Sara Sorribes; la regatista T\u00e1mara Echegoyen; y el escalador Alberto Gin\u00e9s han desfilado con las prendas de la colecci\u00f3n ante ilustres<br \/>\npersonalidades como el presidente de Joma, Fructuoso L\u00f3pez, la Consejera Delegada de Joma Sport, Marina L\u00f3pez, el presidente del Comit\u00e9 Ol\u00edmpico Espa\u00f1ol, Alejandro<br \/>\nBlanco, el presidente del Consejo Superior de Deportes, Jos\u00e9 Manuel Rodr\u00edguez Uribes, y el alcalde de Toledo, Carlos Vel\u00e1zquez.<\/p>\n<p>Jos\u00e9 Manuel Rodr\u00edguez Uribes, presidente del Consejo Superior de Deportes (CSD), ha dado el pistoletazo de salida al acto, destacando la importancia de la colaboraci\u00f3n entre el CSD y el COE. Subray\u00f3 que ambas entidades est\u00e1n \u00abcondenadas a entenderse\u00bb y celebr\u00f3 esta \u00abbendita condena\u00bb debido a la facilidad y las soluciones constructivas que siempre surgen de su cooperaci\u00f3n. Rodr\u00edguez Uribes tambi\u00e9n aprovech\u00f3 la ocasi\u00f3n para agradecer a Joma su excelente trabajo en la elaboraci\u00f3n de la colecci\u00f3n y su<br \/>\nimplicaci\u00f3n con los Juegos y los deportistas. Adem\u00e1s, felicit\u00f3 al COE por su acertada decisi\u00f3n de confiar nuevamente en esta marca castellano-manchega, que ha demostrado ser un ejemplo de \u00abmarca Espa\u00f1a\u00bb con una s\u00f3lida vocaci\u00f3n y presencia internacional a lo largo de los a\u00f1os.<br \/>\nLa nueva colecci\u00f3n del COE para los Juegos de Par\u00eds reinventa el dise\u00f1o en homenaje a los colores nacionales. Para la cita ol\u00edmpica, los deportistas espa\u00f1oles llevar\u00e1n una<br \/>\nequipaci\u00f3n que fusiona la tradici\u00f3n con la modernidad, lo cl\u00e1sico con la vanguardia, un estilo plasmado sobre tejidos de alto rendimiento. Como inspiraci\u00f3n est\u00e1 el clavel, la ic\u00f3nica flor nacional que forma parte del folklore tan arraigado en Espa\u00f1a. Por otro lado, predominan los colores de la bandera, el rojo y el amarillo, que aparecen sobre una amplia variedad estampados en degradado, con el clavel y dem\u00e1s detalles.<\/p>\n<p>Todos los productos elaborados por Joma que conforman la colecci\u00f3n del COE para los Juegos de Par\u00eds est\u00e1n equipados con la mejor tecnolog\u00eda del mercado deportivo. Como marca cada vez m\u00e1s comprometida con el cuidado del medioambiente, Joma ha empleado en toda la colecci\u00f3n tejidos ecol\u00f3gicos como el poli\u00e9ster reciclado, el<br \/>\nalgod\u00f3n org\u00e1nico, y t\u00e9cnicas como la aplicaci\u00f3n de tintes sin compuestos qu\u00edmicos. Esto ha hecho posible que etiquetemos cada producto como \u201ceco\u201d, e incluso<br \/>\nhan creado unas etiquetas especiales para la colecci\u00f3n de Premiaci\u00f3n que contienen semillas multiflor en el interior.<br \/>\nEn cuanto a las tecnolog\u00edas, la ropa incorpora tejidos t\u00e9cnicos, que tienen como objetivo optimizar la comodidad y la libertad de movimiento. Por ejemplo, algunas prendas<br \/>\ncuentan con tela \u201ccool feeling\u201d, que expulsa el sudor y ofrece sensaci\u00f3n de frescor, adem\u00e1s de otras tecnolog\u00edas como los acabados en corte l\u00e1ser, las costuras termoselladas o los paneles transpirables Micro-Mesh System. En segundo lugar, Joma ha personalizado tres modelos de calzado de alta gama para el COE. Las Flexys, su modelo estrella de Lifestyle, est\u00e1n fabricadas con piel flexible y duradera, y con suela de caucho reciclado. Otro ejemplo son las R.2000, las zapatillas de running m\u00e1s c\u00f3modas y vers\u00e1tiles de la marca gracias a la mediasuela Fly Reactive. Finalmente, el modelo Storm Viper devuelve el confort bajo los pies tan ansiado por los deportistas de \u00e9lite por su tecnolog\u00eda Reactive Ball.<\/p>\n<p>Tal y como ha comentado Marina L\u00f3pez, Joma es una empresa que hoy en d\u00eda est\u00e1 presente en m\u00e1s de 140 pa\u00edses, colaborando con 11 comit\u00e9s y 20 federaciones en los<br \/>\nJuegos Ol\u00edmpicos. Casi el 15% de los deportistas que participar\u00e1n en Par\u00eds llevar\u00e1n su indumentaria, un hito sin precedentes para una marca espa\u00f1ola. Joma se ha<br \/>\nposicionado en el top 5 de las marcas l\u00edderes en la industria de la indumentaria deportiva mundial, una de las m\u00e1s competitivas del mercado. A pesar de su \u00e9xito global, la<br \/>\nempresa sigue asentada en el pueblo donde naci\u00f3 hace casi 60 a\u00f1os, cuando Fructuoso L\u00f3pez decidi\u00f3 iniciar el negocio. \u00abEsfuerzo, sacrificio, constancia, superaci\u00f3n son los<br \/>\nvalores del deporte que has aplicado a tu vida y la pasi\u00f3n con la que lo haces. \u00bfC\u00f3mo no \u00edbamos a seguirte si nos contagias cada d\u00eda con la ilusi\u00f3n de llevar esta compa\u00f1\u00eda a<br \/>\nlo m\u00e1s alto?\u201d<br \/>\nToda la colecci\u00f3n est\u00e1 enfocada en la sostenibilidad, abarcando desde el dise\u00f1o y producci\u00f3n de las equipaciones con tejidos reciclados hasta las etiquetas. Se divide en<br \/>\ntres l\u00edneas: Desfile, Premiaci\u00f3n y Villa. La joya de la colecci\u00f3n son los trajes de desfile, dise\u00f1ados espec\u00edficamente para la inauguraci\u00f3n de los Juegos de Par\u00eds. Estas prendas destacan por su ligereza y confort, logrados mediante tecnolog\u00edas avanzadas como el termosellado para eliminar costuras, el corte l\u00e1ser en acabados, el troquelado para la ventilaci\u00f3n y los tejidos \u00abcool feeling\u00bb que reducen la temperatura corporal en 2\u00b0C.<\/p>\n<p>La l\u00ednea de Desfile incluye una variedad de prendas que aportan elegancia a la colecci\u00f3n. El conjunto masculino consiste en pantal\u00f3n largo, camisa y americana,<br \/>\nadem\u00e1s de una opci\u00f3n alternativa con cazadora. Para las mujeres, Joma ha dise\u00f1ado una espectacular falda plisada de corte midi y degradado, cintur\u00f3n a contraste, camiseta con cuello abotonado, chaqueta y bolso. Durante el desfile inaugural, los ol\u00edmpicos espa\u00f1oles lucir\u00e1n el modelo Flexys en sus pies.<br \/>\nLa l\u00ednea de Premiaci\u00f3n presenta un dise\u00f1o completamente renovado que combina la moda deportiva contempor\u00e1nea con funcionalidad. El ch\u00e1ndal, confeccionado con tejido \u00abwrinkled effect\u00bb, garantiza que cada prenda sea \u00fanica. Este efecto 3D se logra mediante la aplicaci\u00f3n de tinte ecol\u00f3gico en doble color, sin pesticidas. Al estirar el tejido en zonas que requieren mayor libertad de movimiento, el rojo se transforma en amarillo. Todo el conjunto est\u00e1 hecho de 100% poli\u00e9ster reciclado e incluye aberturas para facilitar la ventilaci\u00f3n, junto con la tecnolog\u00eda Micro-Mesh System para mayor comodidad en climas c\u00e1lidos. Las camisetas, con diferentes patrones para hombre y mujer, incorporan detalles t\u00e9cnicos como cierres termosellados, tejido \u00abcool feeling\u00bb y el sistema de ventilaci\u00f3n VTS, que utiliza troquelados en corte l\u00e1ser para asegurar la transpiraci\u00f3n.<br \/>\nLa uniformidad de la Villa es la m\u00e1s diversa en t\u00e9rminos de prendas, colores y tejidos. Cada miembro de la delegaci\u00f3n contar\u00e1 con m\u00e1s de cuarenta piezas, incluyendo<br \/>\nchubasquero, polo, camiseta, sudadera, pantal\u00f3n largo, bermuda y ba\u00f1ador. Los colores predominantes son el rojo y el amarillo, combinados con el dise\u00f1o del clavel y<br \/>\nelegantes detalles en dorado. Dentro de esta uniformidad, se distingue una l\u00ednea m\u00e1s formal para viajes y actos oficiales, y otra m\u00e1s c\u00f3moda para la estancia de los<br \/>\ndeportistas en la Villa.<br \/>\nEn cuanto a los tejidos, esta colecci\u00f3n tambi\u00e9n es ecol\u00f3gica, utilizando poli\u00e9ster reciclado y algod\u00f3n org\u00e1nico con tintes libres de pesticidas. Adem\u00e1s, se ha considerado<br \/>\nla climatolog\u00eda prevista para Par\u00eds durante los Juegos, por lo que se han empleado tejidos transpirables y ligeros. Para su estancia en la Villa, Joma ha dise\u00f1ado una<br \/>\nversi\u00f3n especial de su zapatilla m\u00e1s vers\u00e1til, completa y c\u00f3moda: la R.2000. Para finalizar, en nombre del Comit\u00e9 Ol\u00edmpico Espa\u00f1ol, el se\u00f1or Blanco, clausuraba la<br \/>\njornada agradeciendo a Joma. \u201cVamos a ir a los Juegos de Par\u00eds y, aunque no sabemos cu\u00e1l ser\u00e1 el resultado, el camino que hemos recorrido ha sido sin duda el mejor. Los<br \/>\ndatos, los n\u00fameros, los r\u00e9cords y las medallas lo demuestran\u201d. En 1965 Joma comenz\u00f3 a so\u00f1ar, a imaginar, a planificar, y, tuvo el valor de avanzar y construir la gran empresa que hoy es una referencia mundial. \u201cEs un momento hist\u00f3rico en el que nuestros deportistas vestir\u00e1n la ropa de una empresa l\u00edder en el mundo del deporte. As\u00ed que, por los deportistas, por Joma, por Toledo y por Espa\u00f1a.<\/p>\n<p>&nbsp;<\/p>\n","protected":false},"excerpt":{"rendered":"<p>Para los Juegos de Par\u00eds, los atletas espa\u00f1oles lucir\u00e1n una equipaci\u00f3n que fusiona la tradici\u00f3n con la modernidad. Este estilo se refleja en tejidos de alto rendimiento inspirados en el clavel, capturando la esencia de la cultura espa\u00f1ola con un toque contempor\u00e1neo y con la sostenibilidad como eje central. A tan solo un mes y [&hellip;]<\/p>\n","protected":false},"author":2,"featured_media":1088,"comment_status":"open","ping_status":"open","sticky":false,"template":"","format":"standard","meta":{"footnotes":""},"categories":[5],"tags":[],"class_list":["post-1087","post","type-post","status-publish","format-standard","has-post-thumbnail","hentry","category-noticias"],"_links":{"self":[{"href":"http:\/\/radiounion.es\/index.php\/wp-json\/wp\/v2\/posts\/1087","targetHints":{"allow":["GET"]}}],"collection":[{"href":"http:\/\/radiounion.es\/index.php\/wp-json\/wp\/v2\/posts"}],"about":[{"href":"http:\/\/radiounion.es\/index.php\/wp-json\/wp\/v2\/types\/post"}],"author":[{"embeddable":true,"href":"http:\/\/radiounion.es\/index.php\/wp-json\/wp\/v2\/users\/2"}],"replies":[{"embeddable":true,"href":"http:\/\/radiounion.es\/index.php\/wp-json\/wp\/v2\/comments?post=1087"}],"version-history":[{"count":1,"href":"http:\/\/radiounion.es\/index.php\/wp-json\/wp\/v2\/posts\/1087\/revisions"}],"predecessor-version":[{"id":1089,"href":"http:\/\/radiounion.es\/index.php\/wp-json\/wp\/v2\/posts\/1087\/revisions\/1089"}],"wp:featuredmedia":[{"embeddable":true,"href":"http:\/\/radiounion.es\/index.php\/wp-json\/wp\/v2\/media\/1088"}],"wp:attachment":[{"href":"http:\/\/radiounion.es\/index.php\/wp-json\/wp\/v2\/media?parent=1087"}],"wp:term":[{"taxonomy":"category","embeddable":true,"href":"http:\/\/radiounion.es\/index.php\/wp-json\/wp\/v2\/categories?post=1087"},{"taxonomy":"post_tag","embeddable":true,"href":"http:\/\/radiounion.es\/index.php\/wp-json\/wp\/v2\/tags?post=1087"}],"curies":[{"name":"wp","href":"https:\/\/api.w.org\/{rel}","templated":true}]}}