{"id":1091,"date":"2024-06-12T09:50:45","date_gmt":"2024-06-12T07:50:45","guid":{"rendered":"https:\/\/radiounion.es\/?p=1091"},"modified":"2024-06-12T09:50:45","modified_gmt":"2024-06-12T07:50:45","slug":"miguel-poveda-destinara-la-recaudacion-de-su-concierto-en-la-union-a-la-fundacion-cante-de-las-minas","status":"publish","type":"post","link":"http:\/\/radiounion.es\/index.php\/2024\/06\/12\/miguel-poveda-destinara-la-recaudacion-de-su-concierto-en-la-union-a-la-fundacion-cante-de-las-minas\/","title":{"rendered":"Miguel Poveda destinar\u00e1 la recaudaci\u00f3n de su concierto en La Uni\u00f3n a la Fundaci\u00f3n Cante de las Minas"},"content":{"rendered":"<p><strong>El artista agradece as\u00ed todo lo que le ha dado esta tierra desde que en 1993 gan\u00f3 la \u2018L\u00e1mpara Minera\u2019, siendo uno de los artistas con mayor proyecci\u00f3n de la historia del Festival<\/strong><\/p>\n<p><strong>La gala del d\u00eda 2 de agosto est\u00e1 a punto de colgar el cartel de \u2018entradas agotadas\u2019<\/strong><\/p>\n<p>A Miguel Poveda le dej\u00f3 huella La Uni\u00f3n y \u00e9l deja su huella cada vez que vuelve a la tierra que le vio nacer art\u00edsticamente. El pr\u00f3ximo 1 de agosto ser\u00e1 el encargado de dar el preg\u00f3n de la 63\u00aa edici\u00f3n del Festival Internacional del Cante de las Minas, un d\u00eda antes de la gala que acercar\u00e1 su gira \u2018Poema del Cante Jondo\u2019 hasta la \u2018Catedral del Cante\u2019. En agradecimiento a todo lo que le ha brindado el municipio minero, el cantaor ha decidido destinar la recaudaci\u00f3n de la taquilla de su gala a la Fundaci\u00f3n Cante de las Minas, para que contin\u00fae su preservaci\u00f3n de los cantes mineros y siga potenci\u00e1ndose como cuna de artistas a trav\u00e9s de su concurso.<\/p>\n<p>\u201cSe trata de un gesto que demuestra el car\u00e1cter humano de uno de los artistas que m\u00e1s orgullo le produce a esta tierra, que mantiene sus puertas abiertas a su arte, talento y nobleza\u201d, indica el presidente de la Fundaci\u00f3n Cante de las Minas, Joaqu\u00edn Zapata.<\/p>\n<p>El cantaor acerca hasta el Festival su \u00faltima gira, \u2018Poema del Cante Jondo\u2019, con la que indaga en su \u00faltimo disco, que apenas ha pasado el mes de vida, y que mostrar\u00e1 su conexi\u00f3n con las letras de Federico Garc\u00eda Lorca. Ser\u00e1 \u201ccomo un recital de cante\u201d, adelanta, que har\u00e1 que el espectador abra la primera p\u00e1gina y entre en el libro del poeta. \u201cEl disco es una lectura muy personal de ese libro, que es en s\u00ed un poema, una oda al cante jondo, y as\u00ed lo he hecho con mi propia mirada respetando los textos de Federico pero con un margen de libertad\u201d, afirma.<\/p>\n<p>Lo que tiene claro es que cuando vuelva al templo del silencio que es la \u2018Catedral del Cante\u2019, volver\u00e1 a ser aquel \u201cchavalito de 20 a\u00f1os\u201d, volviendo atr\u00e1s y conectando con lo vivido; volviendo a saborear aquel momento que el mundo le abri\u00f3 los brazos tras alzar en los suyos la \u2018L\u00e1mpara Minera\u2019.<\/p>\n<p>La gala del 2 de agosto no ser\u00e1 la \u00fanica participaci\u00f3n de Miguel Poveda en la 63\u00aa edici\u00f3n del Festival Internacional del Cante de las Minas, ya que este a\u00f1o es el encargado de dar el preg\u00f3n, un hecho que nunca imagin\u00f3 y que asume con responsabilidad y emoci\u00f3n. Plasmar\u00e1 en \u00e9l, con m\u00fasica y palabras, sus vivencias en estos m\u00e1s de 31 a\u00f1os de m\u00fasica, y lo har\u00e1 acompa\u00f1ado del guitarrista Juan Ram\u00f3n Caro. Como en el 93.<\/p>\n<p>\u201cQuiero que sea algo muy emocionante, que nos identifique tanto al pueblo de La Uni\u00f3n como a m\u00ed y que sea ameno, divertido y que toque la fibra, tanto a nivel musical como minero\u201d, indica. En estos meses previos al Festival est\u00e1 escribiendo letras para explicar su vivencia con el pueblo y lo que ha pasado en estas tres d\u00e9cadas, as\u00ed como todo el amor recibido de este pueblo.<\/p>\n<p>&nbsp;<\/p>\n","protected":false},"excerpt":{"rendered":"<p>El artista agradece as\u00ed todo lo que le ha dado esta tierra desde que en 1993 gan\u00f3 la \u2018L\u00e1mpara Minera\u2019, siendo uno de los artistas con mayor proyecci\u00f3n de la historia del Festival La gala del d\u00eda 2 de agosto est\u00e1 a punto de colgar el cartel de \u2018entradas agotadas\u2019 A Miguel Poveda le dej\u00f3 [&hellip;]<\/p>\n","protected":false},"author":2,"featured_media":1092,"comment_status":"open","ping_status":"open","sticky":false,"template":"","format":"standard","meta":{"footnotes":""},"categories":[5],"tags":[],"class_list":["post-1091","post","type-post","status-publish","format-standard","has-post-thumbnail","hentry","category-noticias"],"_links":{"self":[{"href":"http:\/\/radiounion.es\/index.php\/wp-json\/wp\/v2\/posts\/1091","targetHints":{"allow":["GET"]}}],"collection":[{"href":"http:\/\/radiounion.es\/index.php\/wp-json\/wp\/v2\/posts"}],"about":[{"href":"http:\/\/radiounion.es\/index.php\/wp-json\/wp\/v2\/types\/post"}],"author":[{"embeddable":true,"href":"http:\/\/radiounion.es\/index.php\/wp-json\/wp\/v2\/users\/2"}],"replies":[{"embeddable":true,"href":"http:\/\/radiounion.es\/index.php\/wp-json\/wp\/v2\/comments?post=1091"}],"version-history":[{"count":1,"href":"http:\/\/radiounion.es\/index.php\/wp-json\/wp\/v2\/posts\/1091\/revisions"}],"predecessor-version":[{"id":1093,"href":"http:\/\/radiounion.es\/index.php\/wp-json\/wp\/v2\/posts\/1091\/revisions\/1093"}],"wp:featuredmedia":[{"embeddable":true,"href":"http:\/\/radiounion.es\/index.php\/wp-json\/wp\/v2\/media\/1092"}],"wp:attachment":[{"href":"http:\/\/radiounion.es\/index.php\/wp-json\/wp\/v2\/media?parent=1091"}],"wp:term":[{"taxonomy":"category","embeddable":true,"href":"http:\/\/radiounion.es\/index.php\/wp-json\/wp\/v2\/categories?post=1091"},{"taxonomy":"post_tag","embeddable":true,"href":"http:\/\/radiounion.es\/index.php\/wp-json\/wp\/v2\/tags?post=1091"}],"curies":[{"name":"wp","href":"https:\/\/api.w.org\/{rel}","templated":true}]}}