{"id":1094,"date":"2024-06-12T10:28:31","date_gmt":"2024-06-12T08:28:31","guid":{"rendered":"https:\/\/radiounion.es\/?p=1094"},"modified":"2024-06-12T10:47:10","modified_gmt":"2024-06-12T08:47:10","slug":"un-requiem-minero-sonoro-e-inmersivo-en-el-parque-minero-de-la-union","status":"publish","type":"post","link":"http:\/\/radiounion.es\/index.php\/2024\/06\/12\/un-requiem-minero-sonoro-e-inmersivo-en-el-parque-minero-de-la-union\/","title":{"rendered":"Un r\u00e9quiem minero sonoro e inmersivo en el Parque Minero de La Uni\u00f3n"},"content":{"rendered":"<p><strong>El colectivo La Sociedad de Bauman, con el respaldo de la Fundaci\u00f3n Cante de las Minas y el Ayuntamiento de La Uni\u00f3n, realizar\u00e1 el pr\u00f3ximo d\u00eda 22 un espect\u00e1culo contempor\u00e1neo en el Parque Minero para unir \u201cpasado y presente de la historia de nuestras minas\u201d<\/strong><\/p>\n<p>El Parque Minero de La Uni\u00f3n acoger\u00e1 el pr\u00f3ximo s\u00e1bado, 22 de junio, un espect\u00e1culo que conecta con las ra\u00edces mineras y que rinde homenaje a los mineros de este territorio. \u2018R\u00e9quiem por dos mineros\u2019 se presenta como una experiencia sonora e inmersiva que consigue unir, a trav\u00e9s de los elementos naturales del entorno y los espacios sonoros que se han confeccionado, el \u201cpasado y presente de la historia de nuestras minas\u201d.<\/p>\n<p>Se trata de una propuesta \u201cpara dejarse llevar por los sentidos\u201d, tal y como indica Juan Rivas, miembro de La Sociedad de Bauman, impulsor de esta iniciativa. Rivas, portmanero de nacimiento, forma parte de este proyecto junto al aragon\u00e9s \u00d3scar Rochez y el tarraconense Carlos Pizarro, centrando el homenaje esc\u00e9nico musical que ha ideado en memoria de sus abuelos mineros. As\u00ed, gracias al respaldo de la Fundaci\u00f3n Cante de las Minas y el Ayuntamiento de La Uni\u00f3n, ha dise\u00f1ado espec\u00edficamente para este entorno una \u2018site- specific- performance\u2019 que aboga por el arte contempor\u00e1neo para traer el pasado y recordarlo a trav\u00e9s de la escenograf\u00eda.<\/p>\n<p>Tal y como cuenta Rivas, \u201cla idea es poder llevarlo a otras ciudades con arraigo minero y que vean a La Uni\u00f3n como un espejo donde mirarse\u201d, siendo esta la primera parada. Adem\u00e1s, en el contexto del proyecto, est\u00e1n creando un \u00e1lbum con el t\u00edtulo \u2018R\u00e9quiem por dos mineros\u2019, cuyo primer single ha sido \u2018Nieto de Mineros\u2019 en homenaje a Antonio Hern\u00e1ndez y \u00c1ngel Rivas, as\u00ed como a las minas y mineros de La Uni\u00f3n, que cuenta con la voz del unionense Paco Severo. Act\u00faa como banda sonora de la performance que el d\u00eda 22 se podr\u00e1 ver en el Parque Minero.<\/p>\n<p>El evento comenzar\u00e1 a las 21:00 horas y el acceso es libre.<\/p>\n<p><img fetchpriority=\"high\" decoding=\"async\" class=\"alignnone size-medium wp-image-1096\" src=\"http:\/\/radiounion.es\/wp-content\/uploads\/2024\/06\/Cartel-requiem-177x300.jpg\" alt=\"\" width=\"177\" height=\"300\" srcset=\"http:\/\/radiounion.es\/wp-content\/uploads\/2024\/06\/Cartel-requiem-177x300.jpg 177w, http:\/\/radiounion.es\/wp-content\/uploads\/2024\/06\/Cartel-requiem-604x1024.jpg 604w, http:\/\/radiounion.es\/wp-content\/uploads\/2024\/06\/Cartel-requiem-768x1303.jpg 768w, http:\/\/radiounion.es\/wp-content\/uploads\/2024\/06\/Cartel-requiem-905x1536.jpg 905w, http:\/\/radiounion.es\/wp-content\/uploads\/2024\/06\/Cartel-requiem.jpg 943w\" sizes=\"(max-width: 177px) 100vw, 177px\" \/><\/p>\n","protected":false},"excerpt":{"rendered":"<p>El colectivo La Sociedad de Bauman, con el respaldo de la Fundaci\u00f3n Cante de las Minas y el Ayuntamiento de La Uni\u00f3n, realizar\u00e1 el pr\u00f3ximo d\u00eda 22 un espect\u00e1culo contempor\u00e1neo en el Parque Minero para unir \u201cpasado y presente de la historia de nuestras minas\u201d El Parque Minero de La Uni\u00f3n acoger\u00e1 el pr\u00f3ximo s\u00e1bado, [&hellip;]<\/p>\n","protected":false},"author":2,"featured_media":1097,"comment_status":"open","ping_status":"open","sticky":false,"template":"","format":"standard","meta":{"footnotes":""},"categories":[5],"tags":[],"class_list":["post-1094","post","type-post","status-publish","format-standard","has-post-thumbnail","hentry","category-noticias"],"_links":{"self":[{"href":"http:\/\/radiounion.es\/index.php\/wp-json\/wp\/v2\/posts\/1094","targetHints":{"allow":["GET"]}}],"collection":[{"href":"http:\/\/radiounion.es\/index.php\/wp-json\/wp\/v2\/posts"}],"about":[{"href":"http:\/\/radiounion.es\/index.php\/wp-json\/wp\/v2\/types\/post"}],"author":[{"embeddable":true,"href":"http:\/\/radiounion.es\/index.php\/wp-json\/wp\/v2\/users\/2"}],"replies":[{"embeddable":true,"href":"http:\/\/radiounion.es\/index.php\/wp-json\/wp\/v2\/comments?post=1094"}],"version-history":[{"count":1,"href":"http:\/\/radiounion.es\/index.php\/wp-json\/wp\/v2\/posts\/1094\/revisions"}],"predecessor-version":[{"id":1098,"href":"http:\/\/radiounion.es\/index.php\/wp-json\/wp\/v2\/posts\/1094\/revisions\/1098"}],"wp:featuredmedia":[{"embeddable":true,"href":"http:\/\/radiounion.es\/index.php\/wp-json\/wp\/v2\/media\/1097"}],"wp:attachment":[{"href":"http:\/\/radiounion.es\/index.php\/wp-json\/wp\/v2\/media?parent=1094"}],"wp:term":[{"taxonomy":"category","embeddable":true,"href":"http:\/\/radiounion.es\/index.php\/wp-json\/wp\/v2\/categories?post=1094"},{"taxonomy":"post_tag","embeddable":true,"href":"http:\/\/radiounion.es\/index.php\/wp-json\/wp\/v2\/tags?post=1094"}],"curies":[{"name":"wp","href":"https:\/\/api.w.org\/{rel}","templated":true}]}}