{"id":1099,"date":"2024-06-12T11:07:45","date_gmt":"2024-06-12T09:07:45","guid":{"rendered":"https:\/\/radiounion.es\/?p=1099"},"modified":"2024-06-12T11:07:45","modified_gmt":"2024-06-12T09:07:45","slug":"turbo-rock-06-de-junio-2024","status":"publish","type":"post","link":"http:\/\/radiounion.es\/index.php\/2024\/06\/12\/turbo-rock-06-de-junio-2024\/","title":{"rendered":"Turbo Rock 06 de junio 2024"},"content":{"rendered":"<p>Edici\u00f3n semanal del programa Turbo Rock, para esta ocasi\u00f3n dedicado a la presentaci\u00f3n del \u00faltimo trabajo por parte de la brutal formaci\u00f3n vizca\u00edna Valkyria, y llamados a convertirse en todo un referente dentro del estilo, ya que calidad tienen m\u00e1s que de sobra para ello, bajo ese t\u00edtulo de Ind\u00f3mito!!!! Se incluye, durante el mismo, una tremenda entrevista de casi dos horas de duraci\u00f3n con Yerai Hern\u00e1ndez, vocalista y guitarra de la banda, y a quien tuvimos presente al otro lado del hilo telef\u00f3nico!!!!!<\/p>\n<p>Nos encontramos ya ante la tercera producci\u00f3n por parte de la banda siendo, sin duda, su mejor trabajo, hasta la fecha, marcando su regreso tras aquel Tierra Hostil, del 2018, de la mano del potente sello Maldito Records, representado por toda una gran amalgama de buenas canciones donde perpet\u00faan su buen hacer, dando una vuelta de tuerca a su sonido, m\u00e1s agresivo y potente que su predecesor, junto a unas letras de esas que se te quedan bien marcadas con ese sello tan caracter\u00edstico de identidad, siendo muy reivindicativas y repletas de garra. Este trabajo ha sido grabado y mezclado bajo la atenta mirada de Pedro Monge tambi\u00e9n guitarrista de los enormes Vh\u00e4ldemar, a los controles, en los Chromaticity Studios, de As\u00faa (Bizkaia), y la verdad es que el resultado en cuanto a sonido es brutal. Todo ese tema de dise\u00f1o gr\u00e1fico y portada ha sido obra, una vez m\u00e1s, del veterano ilustrador Adolfo WB Warbanner,de una manera realmente magistral, y resultando tremendo el resultado. El \u00e1lbum cuenta con gran la colaboraci\u00f3n vocal de Carlos Nano Sanz, vocalista de los tremendos D\u00fcnedain, en una de las canciones. Estamos ante un trabajo muy cuidado, cargado de unas melod\u00edas muy poderosas que desprenden un br\u00edo incre\u00edble, meti\u00e9ndonos de pleno en un trabajo muy completo, con unos cortes que har\u00e1n disfrutar a todos esos fieles amantes del g\u00e9nero, y junto todo un est\u00e1ndar de personalidad. Sinceramente, es todo un enorme placer escuchar este brutal trabajo.<\/p>\n<p>Y sobre todo ya sab\u00e9issssssss, dejad que el Metal fluya por vuestras venas con la fuerza del trueno&#8230;. en la tormentaaaaaaaa!!!!!<\/p>\n<audio class=\"wp-audio-shortcode\" id=\"audio-1099-1\" preload=\"none\" style=\"width: 100%;\" controls=\"controls\"><source type=\"audio\/mpeg\" src=\"https:\/\/www.ivoox.com\/turbo-rock-06-06-2024_md_130004069_wp_1.mp3?_=1\" \/><a href=\"https:\/\/www.ivoox.com\/turbo-rock-06-06-2024_md_130004069_wp_1.mp3\">https:\/\/www.ivoox.com\/turbo-rock-06-06-2024_md_130004069_wp_1.mp3<\/a><\/audio>\n<p>&nbsp;<\/p>\n","protected":false},"excerpt":{"rendered":"<p>Edici\u00f3n semanal del programa Turbo Rock, para esta ocasi\u00f3n dedicado a la presentaci\u00f3n del \u00faltimo trabajo por parte de la brutal formaci\u00f3n vizca\u00edna Valkyria, y llamados a convertirse en todo un referente dentro del estilo, ya que calidad tienen m\u00e1s que de sobra para ello, bajo ese t\u00edtulo de Ind\u00f3mito!!!! Se incluye, durante el mismo, [&hellip;]<\/p>\n","protected":false},"author":2,"featured_media":1100,"comment_status":"open","ping_status":"open","sticky":false,"template":"","format":"standard","meta":{"footnotes":""},"categories":[13],"tags":[],"class_list":["post-1099","post","type-post","status-publish","format-standard","has-post-thumbnail","hentry","category-turbo-rock"],"_links":{"self":[{"href":"http:\/\/radiounion.es\/index.php\/wp-json\/wp\/v2\/posts\/1099","targetHints":{"allow":["GET"]}}],"collection":[{"href":"http:\/\/radiounion.es\/index.php\/wp-json\/wp\/v2\/posts"}],"about":[{"href":"http:\/\/radiounion.es\/index.php\/wp-json\/wp\/v2\/types\/post"}],"author":[{"embeddable":true,"href":"http:\/\/radiounion.es\/index.php\/wp-json\/wp\/v2\/users\/2"}],"replies":[{"embeddable":true,"href":"http:\/\/radiounion.es\/index.php\/wp-json\/wp\/v2\/comments?post=1099"}],"version-history":[{"count":1,"href":"http:\/\/radiounion.es\/index.php\/wp-json\/wp\/v2\/posts\/1099\/revisions"}],"predecessor-version":[{"id":1101,"href":"http:\/\/radiounion.es\/index.php\/wp-json\/wp\/v2\/posts\/1099\/revisions\/1101"}],"wp:featuredmedia":[{"embeddable":true,"href":"http:\/\/radiounion.es\/index.php\/wp-json\/wp\/v2\/media\/1100"}],"wp:attachment":[{"href":"http:\/\/radiounion.es\/index.php\/wp-json\/wp\/v2\/media?parent=1099"}],"wp:term":[{"taxonomy":"category","embeddable":true,"href":"http:\/\/radiounion.es\/index.php\/wp-json\/wp\/v2\/categories?post=1099"},{"taxonomy":"post_tag","embeddable":true,"href":"http:\/\/radiounion.es\/index.php\/wp-json\/wp\/v2\/tags?post=1099"}],"curies":[{"name":"wp","href":"https:\/\/api.w.org\/{rel}","templated":true}]}}