{"id":1238,"date":"2024-07-03T09:02:42","date_gmt":"2024-07-03T07:02:42","guid":{"rendered":"https:\/\/radiounion.es\/?p=1238"},"modified":"2024-07-03T09:07:52","modified_gmt":"2024-07-03T07:07:52","slug":"rvfv-y-david-bisbal-triunfan-con-su-nuevo-videoclip-titulado-rueda","status":"publish","type":"post","link":"http:\/\/radiounion.es\/index.php\/2024\/07\/03\/rvfv-y-david-bisbal-triunfan-con-su-nuevo-videoclip-titulado-rueda\/","title":{"rendered":"Rvfv y David Bisbal triunfan con su nuevo videoclip titulado \u00abRueda\u00bb"},"content":{"rendered":"<p>Rvfv y David Bisbal lanzan el videoclip de\u00a0<a href=\"https:\/\/masterfm.es\/rvfv-lanza-el-album-el-tiburon\/\"><strong>\u00abRueda\u00bb<\/strong><\/a>, el single de presentaci\u00f3n del disco es la sorprendente uni\u00f3n de\u00a0<strong>rvfv<\/strong>\u00a0y\u00a0<strong>David Bisbal<\/strong>\u00a0en el tema \u2018<em>Rueda<\/em>\u2018.<\/p>\n<p>Siguiendo con la promoci\u00f3n de este nuevo sencillo, ya est\u00e1 disponible en YouTube su correspondiente videoclip oficial, que ha sido dirigido por<strong>\u00a0Fabricio Jim\u00e9nez.<\/strong><\/p>\n<p><em>El tibur\u00f3n\u2019<\/em>\u00a0es el nuevo \u00e1lbum de estudio de\u00a0<strong>rvfv<\/strong>, una colecci\u00f3n de 20 pistas que cuenta con la colaboraci\u00f3n de grandes artistas invitados como David Bisbal, Lola Indigo, Omar Montes, Morad o Maka.<\/p>\n<p><strong><em>\u00abMucho tiempo trabajando en un \u00e1lbum que ya forma parte de mi vida. Gracias a todos los que hab\u00e9is participado en el proyecto, a mi gente, a mi familia\u00bb<\/em><\/strong>, as\u00ed anunciaba el artista este nuevo proyecto discogr\u00e1fico.<\/p>\n<p>El video musical es una prueba m\u00e1s de ello. Los dos cantantes, con outfits un tanto urbanos, presentan en un palacio la canci\u00f3n. Al mismo tiempo<b>\u00a0homenajean la ciudad de Almer\u00eda y el flamenco<\/b>\u00a0con una decena de<b>\u00a0bailarinas vestidas de rojo\u00a0<\/b>que se mueven al ritmo de la m\u00fasica. Los comentarios positivos han inundado las redes sociales.<\/p>\n<p>\u00abTodo un orgullo poder hacer esto con mi gran David Bisbal\u00bb, comentaba Rafa con respecto a la colaboraci\u00f3n. David responde ante el mensaje igual de ilusionado: \u00abIgualmente mi Rafa. Much\u00edsimas gracias por la invitaci\u00f3n. La fusi\u00f3n de tu m\u00fasica con mi m\u00fasica ha sido perfecta. Que viva nuestra tierra y que viva la m\u00fasica siempre!!!\u00bb, declaraba emocionado.<\/p>\n<p><iframe title=\"RVFV, DAVID BISBAL -  RUEDA (Video Oficial)\" width=\"800\" height=\"450\" src=\"https:\/\/www.youtube.com\/embed\/Kei4N7t7E9c?feature=oembed\" frameborder=\"0\" allow=\"accelerometer; autoplay; clipboard-write; encrypted-media; gyroscope; picture-in-picture; web-share\" referrerpolicy=\"strict-origin-when-cross-origin\" allowfullscreen><\/iframe><\/p>\n","protected":false},"excerpt":{"rendered":"<p>Rvfv y David Bisbal lanzan el videoclip de\u00a0\u00abRueda\u00bb, el single de presentaci\u00f3n del disco es la sorprendente uni\u00f3n de\u00a0rvfv\u00a0y\u00a0David Bisbal\u00a0en el tema \u2018Rueda\u2018. Siguiendo con la promoci\u00f3n de este nuevo sencillo, ya est\u00e1 disponible en YouTube su correspondiente videoclip oficial, que ha sido dirigido por\u00a0Fabricio Jim\u00e9nez. El tibur\u00f3n\u2019\u00a0es el nuevo \u00e1lbum de estudio de\u00a0rvfv, una [&hellip;]<\/p>\n","protected":false},"author":2,"featured_media":1239,"comment_status":"open","ping_status":"open","sticky":false,"template":"","format":"standard","meta":{"footnotes":""},"categories":[5],"tags":[],"class_list":["post-1238","post","type-post","status-publish","format-standard","has-post-thumbnail","hentry","category-noticias"],"_links":{"self":[{"href":"http:\/\/radiounion.es\/index.php\/wp-json\/wp\/v2\/posts\/1238","targetHints":{"allow":["GET"]}}],"collection":[{"href":"http:\/\/radiounion.es\/index.php\/wp-json\/wp\/v2\/posts"}],"about":[{"href":"http:\/\/radiounion.es\/index.php\/wp-json\/wp\/v2\/types\/post"}],"author":[{"embeddable":true,"href":"http:\/\/radiounion.es\/index.php\/wp-json\/wp\/v2\/users\/2"}],"replies":[{"embeddable":true,"href":"http:\/\/radiounion.es\/index.php\/wp-json\/wp\/v2\/comments?post=1238"}],"version-history":[{"count":1,"href":"http:\/\/radiounion.es\/index.php\/wp-json\/wp\/v2\/posts\/1238\/revisions"}],"predecessor-version":[{"id":1240,"href":"http:\/\/radiounion.es\/index.php\/wp-json\/wp\/v2\/posts\/1238\/revisions\/1240"}],"wp:featuredmedia":[{"embeddable":true,"href":"http:\/\/radiounion.es\/index.php\/wp-json\/wp\/v2\/media\/1239"}],"wp:attachment":[{"href":"http:\/\/radiounion.es\/index.php\/wp-json\/wp\/v2\/media?parent=1238"}],"wp:term":[{"taxonomy":"category","embeddable":true,"href":"http:\/\/radiounion.es\/index.php\/wp-json\/wp\/v2\/categories?post=1238"},{"taxonomy":"post_tag","embeddable":true,"href":"http:\/\/radiounion.es\/index.php\/wp-json\/wp\/v2\/tags?post=1238"}],"curies":[{"name":"wp","href":"https:\/\/api.w.org\/{rel}","templated":true}]}}