{"id":1244,"date":"2024-07-03T09:34:19","date_gmt":"2024-07-03T07:34:19","guid":{"rendered":"https:\/\/radiounion.es\/?p=1244"},"modified":"2024-07-03T09:56:24","modified_gmt":"2024-07-03T07:56:24","slug":"potra-salvaje-de-la-segoviana-isabel-aaiun-se-hace-viral-tres-anos-despues-de-su-estreno","status":"publish","type":"post","link":"http:\/\/radiounion.es\/index.php\/2024\/07\/03\/potra-salvaje-de-la-segoviana-isabel-aaiun-se-hace-viral-tres-anos-despues-de-su-estreno\/","title":{"rendered":"\u00abPotra Salvaje\u00bb de la segoviana Isabel Aai\u00fan se hace viral tres a\u00f1os despu\u00e9s de su estreno"},"content":{"rendered":"<h4 class=\"v-a-sub-t\">Isabel Aai\u00fan, un fen\u00f3meno musical con m\u00e1s de 12 millones de reproducciones de su tema, asegura que este \u00e9xito \u00abno me ha cambiado\u00bb<\/h4>\n<h4 class=\"v-a-sub-t\">Isabel Aaiun, la talentosa cantante originaria de Segovia, ha logrado lo que muchos artistas solo pueden so\u00f1ar: su sencillo \u00abPotra Salvaje\u00bb se ha convertido en un fen\u00f3meno viral que est\u00e1 resonando en todo el mundo.<\/h4>\n<p>Desde su lanzamiento el pasado mes de junio, \u00abPotra Salvaje\u00bb ha capturado la atenci\u00f3n de millones de oyentes, convirti\u00e9ndose r\u00e1pidamente en un \u00e9xito en plataformas de streaming como Spotify y Apple Music. El tema, una mezcla vibrante de ritmos latinos y pop contempor\u00e1neo, destaca por su pegajosa melod\u00eda y la poderosa voz de Aaiun.<\/p>\n<h3>De Segovia al Estrellato Internacional<\/h3>\n<p>Isabel Aaiun, de 27 a\u00f1os, comenz\u00f3 su carrera musical en su ciudad natal de Segovia, actuando en peque\u00f1os locales y festivales locales. Con una pasi\u00f3n inquebrantable por la m\u00fasica y un estilo \u00fanico, Aaiun ha trabajado arduamente para perfeccionar su arte. Su perseverancia ha dado sus frutos, llev\u00e1ndola a firmar con una importante discogr\u00e1fica a principios de este a\u00f1o.<\/p>\n<h3>El Impacto de \u00abPotra Salvaje\u00bb<\/h3>\n<p>El \u00e9xito de \u00abPotra Salvaje\u00bb no solo se refleja en las cifras de streaming, sino tambi\u00e9n en las redes sociales. El hashtag #PotraSalvaje se ha convertido en tendencia en Twitter e Instagram, con miles de usuarios compartiendo sus propios v\u00eddeos bailando y cantando al ritmo del \u00e9xito de Aaiun. TikTok, en particular, ha visto un aumento masivo de contenido relacionado con la canci\u00f3n, con desaf\u00edos de baile y lip-sync que han capturado la imaginaci\u00f3n de una audiencia global.<\/p>\n<h3>Cr\u00edticas y Reconocimientos<\/h3>\n<p>La cr\u00edtica musical ha elogiado \u00abPotra Salvaje\u00bb por su producci\u00f3n impecable y la energ\u00eda contagiosa de Isabel Aaiun. Revistas especializadas como Rolling Stone y Billboard han destacado el sencillo como uno de los lanzamientos m\u00e1s emocionantes del a\u00f1o. \u00abIsabel Aaiun ha tra\u00eddo una frescura y autenticidad que el pop latino necesitaba,\u00bb comenta un cr\u00edtico de Billboard.<\/p>\n<h3>Un Futuro Brillante<\/h3>\n<p>Con \u00abPotra Salvaje\u00bb consolid\u00e1ndose como un \u00e9xito rotundo, el futuro de Isabel Aaiun se vislumbra prometedor. La cantante ya ha anunciado una gira internacional que comenzar\u00e1 en octubre, con fechas en ciudades como Nueva York, Ciudad de M\u00e9xico, y Madrid. Los fan\u00e1ticos esperan con ansias verla en vivo y disfrutar de su carisma y talento sobre el escenario.<\/p>\n<p>Isabel Aaiun ha demostrado que con talento, dedicaci\u00f3n y un poco de suerte, los sue\u00f1os pueden hacerse realidad. \u00abPotra Salvaje\u00bb no es solo una canci\u00f3n; es un testimonio del potencial ilimitado de una artista que est\u00e1 destinada a dejar una huella indeleble en la m\u00fasica global.<\/p>\n<p><iframe title=\"Isabel Aai\u00fan - Potra salvaje\" width=\"800\" height=\"450\" src=\"https:\/\/www.youtube.com\/embed\/CZ-zGADsFSw?feature=oembed\" frameborder=\"0\" allow=\"accelerometer; autoplay; clipboard-write; encrypted-media; gyroscope; picture-in-picture; web-share\" referrerpolicy=\"strict-origin-when-cross-origin\" allowfullscreen><\/iframe><\/p>\n","protected":false},"excerpt":{"rendered":"<p>Isabel Aai\u00fan, un fen\u00f3meno musical con m\u00e1s de 12 millones de reproducciones de su tema, asegura que este \u00e9xito \u00abno me ha cambiado\u00bb Isabel Aaiun, la talentosa cantante originaria de Segovia, ha logrado lo que muchos artistas solo pueden so\u00f1ar: su sencillo \u00abPotra Salvaje\u00bb se ha convertido en un fen\u00f3meno viral que est\u00e1 resonando en [&hellip;]<\/p>\n","protected":false},"author":2,"featured_media":1245,"comment_status":"open","ping_status":"open","sticky":false,"template":"","format":"standard","meta":{"footnotes":""},"categories":[5],"tags":[],"class_list":["post-1244","post","type-post","status-publish","format-standard","has-post-thumbnail","hentry","category-noticias"],"_links":{"self":[{"href":"http:\/\/radiounion.es\/index.php\/wp-json\/wp\/v2\/posts\/1244","targetHints":{"allow":["GET"]}}],"collection":[{"href":"http:\/\/radiounion.es\/index.php\/wp-json\/wp\/v2\/posts"}],"about":[{"href":"http:\/\/radiounion.es\/index.php\/wp-json\/wp\/v2\/types\/post"}],"author":[{"embeddable":true,"href":"http:\/\/radiounion.es\/index.php\/wp-json\/wp\/v2\/users\/2"}],"replies":[{"embeddable":true,"href":"http:\/\/radiounion.es\/index.php\/wp-json\/wp\/v2\/comments?post=1244"}],"version-history":[{"count":1,"href":"http:\/\/radiounion.es\/index.php\/wp-json\/wp\/v2\/posts\/1244\/revisions"}],"predecessor-version":[{"id":1246,"href":"http:\/\/radiounion.es\/index.php\/wp-json\/wp\/v2\/posts\/1244\/revisions\/1246"}],"wp:featuredmedia":[{"embeddable":true,"href":"http:\/\/radiounion.es\/index.php\/wp-json\/wp\/v2\/media\/1245"}],"wp:attachment":[{"href":"http:\/\/radiounion.es\/index.php\/wp-json\/wp\/v2\/media?parent=1244"}],"wp:term":[{"taxonomy":"category","embeddable":true,"href":"http:\/\/radiounion.es\/index.php\/wp-json\/wp\/v2\/categories?post=1244"},{"taxonomy":"post_tag","embeddable":true,"href":"http:\/\/radiounion.es\/index.php\/wp-json\/wp\/v2\/tags?post=1244"}],"curies":[{"name":"wp","href":"https:\/\/api.w.org\/{rel}","templated":true}]}}