{"id":1247,"date":"2024-07-04T09:32:12","date_gmt":"2024-07-04T07:32:12","guid":{"rendered":"https:\/\/radiounion.es\/?p=1247"},"modified":"2024-07-04T09:32:12","modified_gmt":"2024-07-04T07:32:12","slug":"el-corral-de-la-moreria-abre-sus-puertas-este-sabado-a-las-pruebas-selectivas-del-cante-de-las-minas","status":"publish","type":"post","link":"http:\/\/radiounion.es\/index.php\/2024\/07\/04\/el-corral-de-la-moreria-abre-sus-puertas-este-sabado-a-las-pruebas-selectivas-del-cante-de-las-minas\/","title":{"rendered":"El Corral de la Morer\u00eda abre sus puertas este s\u00e1bado a las pruebas selectivas del Cante de las Minas"},"content":{"rendered":"<p>La cita en el m\u00edtico tablao madrile\u00f1o, sede del Festival en Madrid, comenzar\u00e1 a las 12:00 con aspirantes en las categor\u00edas de cante, toque y baile<\/p>\n<p>El Corral de la Morer\u00eda, sede del Cante de las Minas en la capital madrile\u00f1a, vuelve a ser parada obligatoria de las pruebas selectivas del Festival Internacional. El pr\u00f3ximo s\u00e1bado, 6 de julio, a las 12:00 horas, el m\u00edtico tablao vivir\u00e1 una jornada de talento flamenco con aspirantes a los m\u00e1ximos galardones en las categor\u00edas de cante, toque y baile.<\/p>\n<p>\u201cEs un honor poder volver un a\u00f1o m\u00e1s a este templo del flamenco y poder ofrecer a nuestros aspirantes la oportunidad de subirse a un escenario tan relevante como es el Corral de la Morer\u00eda\u201d, indica el presidente de la Fundaci\u00f3n Cante de las Minas, Joaqu\u00edn Zapata.<\/p>\n<p>Ser\u00e1 la antepen\u00faltima prueba selectiva de esta 63\u00aa edici\u00f3n, a la que seguir\u00e1 Lucainena de las Torres el pr\u00f3ximo s\u00e1bado 13, y Sagunto el s\u00e1bado 20. Una vez concluidas, se seleccionar\u00e1n a los artistas que llegar\u00e1n hasta las semifinales que se celebrar\u00e1n en La Uni\u00f3n del 7 al 9 de agosto en La Uni\u00f3n, para disputarse, ya el d\u00eda 10, la \u2018L\u00e1mpara Minera\u2019 (cante), el \u2018Bord\u00f3n Minero\u2019 (toque), el \u2018Desplante\u2019 (baile masculino y femenino) y el trofeo \u2018Fil\u00f3n\u2019 (instrumentista flamenco).<\/p>\n<p>El Corral de la Morer\u00eda es uno de los tablaos flamencos m\u00e1s antiguos de Madrid y con una dilatada historia a sus espaldas, por el que han pasado grandes figuras del flamenco, algunas de ellas vinculadas al Festival como participantes o ganadores de su concurso, as\u00ed como protagonistas de sus grandes galas.<\/p>\n<p>Las entradas a este espect\u00e1culo tienen un precio de 8 euros con consumici\u00f3n y se pueden adquirir en el propio tablao.<\/p>\n","protected":false},"excerpt":{"rendered":"<p>La cita en el m\u00edtico tablao madrile\u00f1o, sede del Festival en Madrid, comenzar\u00e1 a las 12:00 con aspirantes en las categor\u00edas de cante, toque y baile El Corral de la Morer\u00eda, sede del Cante de las Minas en la capital madrile\u00f1a, vuelve a ser parada obligatoria de las pruebas selectivas del Festival Internacional. El pr\u00f3ximo [&hellip;]<\/p>\n","protected":false},"author":2,"featured_media":1248,"comment_status":"open","ping_status":"open","sticky":false,"template":"","format":"standard","meta":{"footnotes":""},"categories":[5],"tags":[],"class_list":["post-1247","post","type-post","status-publish","format-standard","has-post-thumbnail","hentry","category-noticias"],"_links":{"self":[{"href":"http:\/\/radiounion.es\/index.php\/wp-json\/wp\/v2\/posts\/1247","targetHints":{"allow":["GET"]}}],"collection":[{"href":"http:\/\/radiounion.es\/index.php\/wp-json\/wp\/v2\/posts"}],"about":[{"href":"http:\/\/radiounion.es\/index.php\/wp-json\/wp\/v2\/types\/post"}],"author":[{"embeddable":true,"href":"http:\/\/radiounion.es\/index.php\/wp-json\/wp\/v2\/users\/2"}],"replies":[{"embeddable":true,"href":"http:\/\/radiounion.es\/index.php\/wp-json\/wp\/v2\/comments?post=1247"}],"version-history":[{"count":1,"href":"http:\/\/radiounion.es\/index.php\/wp-json\/wp\/v2\/posts\/1247\/revisions"}],"predecessor-version":[{"id":1249,"href":"http:\/\/radiounion.es\/index.php\/wp-json\/wp\/v2\/posts\/1247\/revisions\/1249"}],"wp:featuredmedia":[{"embeddable":true,"href":"http:\/\/radiounion.es\/index.php\/wp-json\/wp\/v2\/media\/1248"}],"wp:attachment":[{"href":"http:\/\/radiounion.es\/index.php\/wp-json\/wp\/v2\/media?parent=1247"}],"wp:term":[{"taxonomy":"category","embeddable":true,"href":"http:\/\/radiounion.es\/index.php\/wp-json\/wp\/v2\/categories?post=1247"},{"taxonomy":"post_tag","embeddable":true,"href":"http:\/\/radiounion.es\/index.php\/wp-json\/wp\/v2\/tags?post=1247"}],"curies":[{"name":"wp","href":"https:\/\/api.w.org\/{rel}","templated":true}]}}