{"id":1275,"date":"2024-07-08T08:48:26","date_gmt":"2024-07-08T06:48:26","guid":{"rendered":"https:\/\/radiounion.es\/?p=1275"},"modified":"2024-07-08T08:48:26","modified_gmt":"2024-07-08T06:48:26","slug":"maximo-huerta-hablara-en-los-alcazares-del-amor-en-sus-ficciones-narrativas-dentro-del-ciclo-fahrenheit-78-8-el-proximo-12-de-julio","status":"publish","type":"post","link":"http:\/\/radiounion.es\/index.php\/2024\/07\/08\/maximo-huerta-hablara-en-los-alcazares-del-amor-en-sus-ficciones-narrativas-dentro-del-ciclo-fahrenheit-78-8-el-proximo-12-de-julio\/","title":{"rendered":"M\u00e1ximo Huerta hablar\u00e1 en Los Alc\u00e1zares del amor en sus ficciones narrativas dentro del ciclo Fahrenheit 78.8 el pr\u00f3ximo 12 de julio"},"content":{"rendered":"<p class=\"x_MsoNormal\">M\u00e1ximo Huerta es el siguiente invitado al ciclo Fahrenheit 78.8 que se est\u00e1 celebrando en Los Alc\u00e1zares desde el pasado cinco de julio. La cita con M\u00e1ximo es el pr\u00f3ximo\u00a0<b>viernes 12 de julio en la Plaza del Ayuntamiento de Los Alc\u00e1zares a las 21.00 h<\/b>.<\/p>\n<p class=\"x_MsoNormal\">Huerta repasar\u00e1 de la mano de la coordinadora y presentadora del ciclo, Lola Gracia, sus libros de ficci\u00f3n y c\u00f3mo \u00e9stos reflejan el amor en sus diferentes vertientes. El encuentro del autor con sus lectores y seguidores tambi\u00e9n revisar\u00e1 sus aspectos como comunicador y siempre habr\u00e1 lugar para las preguntas, el debate y la firma de libros.<\/p>\n<p class=\"x_MsoNormal\">El ciclo Fahrenheit celebra su segunda edici\u00f3n y est\u00e1 organizado por la concejal\u00eda de Cultura del Ayuntamiento de Los Alc\u00e1zares. Todas estas actividades son de entrada libre hasta completar aforo.<\/p>\n<p class=\"x_MsoNormal\"><b>M\u00e1ximo Huerta<\/b><\/p>\n<p class=\"x_MsoNormal\">(Utiel Valencia, 1971). Escritor y periodista. M\u00e1ximo Huerta es autor de nueve novelas \u201cQue sea la \u00faltima vez\u2026\u201d, \u201cEl Susurro de la Caracola\u201d, \u201cUna tienda en Par\u00eds\u201d, \u201cLa noche so\u00f1ada\u201d, \u00abNo me dejes\/Ne me quite pas\u00bb, \u00abLa parte escondida del iceberg\u00bb, \u00abFirmamento\u00bb, \u00abCon el amor bastaba\u00bb , \u00abAdi\u00f3s, peque\u00f1o\u00bb y la \u00faltima \u00abPar\u00eds despertaba tarde\u00bb\u00a0 (muchas de ellas traducidas a varios idiomas), as\u00ed como los relatos ilustrados \u00abEl Escritor\u00bb, \u00abElsa y el mar\u00bb, \u00abLa banda de Olivia\u00bb y \u00abPartir de cero\u00bb.<\/p>\n<p class=\"x_MsoNormal\">Tambi\u00e9n es autor del libro de viajes \u00abMi lugar en el mundo eres t\u00fa\u00bb y el recopilatorio de columnas y art\u00edculos \u00abIntimidad improvisada\u201d, entre otros. Cuenta con los galardones literarios: Premio Fernando Lara de Novela 2022 con \u00abAdi\u00f3s, peque\u00f1o\u00bb; Premio Primavera de Novela 2014 con \u201cLa noche so\u00f1ada\u201d y es finalista al premio de la cr\u00edtica con la novela \u00abCon el amor bastaba\u00bb.<\/p>\n<p class=\"x_MsoNormal\">Huerta estudi\u00f3 Ciencias de la Informaci\u00f3n por la Universidad San Pablo-CEU de Valencia y M\u00e1ster en Dise\u00f1o Gr\u00e1fico e Ilustraci\u00f3n Editorial por el \u201cInstituto Europeo de Dise\u00f1o\u201d Madrid. Cuenta con un extens\u00edsimo bagaje en radio y televisi\u00f3n que no cesa de renovar con diferentes programas y apariciones. Tambi\u00e9n fue fugazmente ministro de Cultura y Deporte del Gobierno de Espa\u00f1a. Adem\u00e1s, es coautor teatral de \u201cM\u00e1s Sofocos\u201d del director Juan Luis Iborra. Obra que protagonizaron con \u00e9xito Loles Le\u00f3n, Lolita Flores, Alicia Orozco y Fabiola Toledo. Ha escrito para Microteatro Madrid la obra \u201cMe quedo muerta\u201d, interpretada por Josele Rom\u00e1n y Fran Ant\u00f3n y dirigida por Quino Falero.<\/p>\n<p class=\"x_MsoNormal\">M\u00e1ximo marc\u00f3 un hito en la televisi\u00f3n con su particular forma de entrevistar y realizar sus diferentes aproximaciones a la realidad, siempre desde un punto de vista que denota su muy especial sensibilidad.<\/p>\n","protected":false},"excerpt":{"rendered":"<p>M\u00e1ximo Huerta es el siguiente invitado al ciclo Fahrenheit 78.8 que se est\u00e1 celebrando en Los Alc\u00e1zares desde el pasado cinco de julio. La cita con M\u00e1ximo es el pr\u00f3ximo\u00a0viernes 12 de julio en la Plaza del Ayuntamiento de Los Alc\u00e1zares a las 21.00 h. Huerta repasar\u00e1 de la mano de la coordinadora y presentadora [&hellip;]<\/p>\n","protected":false},"author":2,"featured_media":1276,"comment_status":"open","ping_status":"open","sticky":false,"template":"","format":"standard","meta":{"footnotes":""},"categories":[5],"tags":[],"class_list":["post-1275","post","type-post","status-publish","format-standard","has-post-thumbnail","hentry","category-noticias"],"_links":{"self":[{"href":"http:\/\/radiounion.es\/index.php\/wp-json\/wp\/v2\/posts\/1275","targetHints":{"allow":["GET"]}}],"collection":[{"href":"http:\/\/radiounion.es\/index.php\/wp-json\/wp\/v2\/posts"}],"about":[{"href":"http:\/\/radiounion.es\/index.php\/wp-json\/wp\/v2\/types\/post"}],"author":[{"embeddable":true,"href":"http:\/\/radiounion.es\/index.php\/wp-json\/wp\/v2\/users\/2"}],"replies":[{"embeddable":true,"href":"http:\/\/radiounion.es\/index.php\/wp-json\/wp\/v2\/comments?post=1275"}],"version-history":[{"count":1,"href":"http:\/\/radiounion.es\/index.php\/wp-json\/wp\/v2\/posts\/1275\/revisions"}],"predecessor-version":[{"id":1277,"href":"http:\/\/radiounion.es\/index.php\/wp-json\/wp\/v2\/posts\/1275\/revisions\/1277"}],"wp:featuredmedia":[{"embeddable":true,"href":"http:\/\/radiounion.es\/index.php\/wp-json\/wp\/v2\/media\/1276"}],"wp:attachment":[{"href":"http:\/\/radiounion.es\/index.php\/wp-json\/wp\/v2\/media?parent=1275"}],"wp:term":[{"taxonomy":"category","embeddable":true,"href":"http:\/\/radiounion.es\/index.php\/wp-json\/wp\/v2\/categories?post=1275"},{"taxonomy":"post_tag","embeddable":true,"href":"http:\/\/radiounion.es\/index.php\/wp-json\/wp\/v2\/tags?post=1275"}],"curies":[{"name":"wp","href":"https:\/\/api.w.org\/{rel}","templated":true}]}}