{"id":1283,"date":"2024-07-10T08:23:05","date_gmt":"2024-07-10T06:23:05","guid":{"rendered":"http:\/\/radiounion.es\/?p=1283"},"modified":"2024-07-10T08:23:05","modified_gmt":"2024-07-10T06:23:05","slug":"el-i-concurso-de-escaparates-del-cante-de-las-minas-despierta-la-creatividad-comercial","status":"publish","type":"post","link":"http:\/\/radiounion.es\/index.php\/2024\/07\/10\/el-i-concurso-de-escaparates-del-cante-de-las-minas-despierta-la-creatividad-comercial\/","title":{"rendered":"El I Concurso de Escaparates del Cante de Las Minas despierta la creatividad comercial"},"content":{"rendered":"<p><strong>Los establecimientos de La Uni\u00f3n vuelven a engalanarse con motivos flamencos y mineros para recibir a los visitantes del Festival Internacional, impulsando los dise\u00f1os de los j\u00f3venes artistas de la localidad y mostrando los m\u00e1ximos trofeos del encuentro.<\/strong><\/p>\n<p>El Cante de las Minas sigue potenciando la implicaci\u00f3n del tejido econ\u00f3mico y empresarial de La Uni\u00f3n. Siguiendo con la tradici\u00f3n de que los comercios se engalanen cuando se acerca una nueva edici\u00f3n del Festival, la Fundaci\u00f3n Cante de Las Minas y la Federaci\u00f3n de Asociaciones de Empresarios y Profesionales de La Uni\u00f3n (Faepu) unen fuerzas para realzar el esp\u00edritu del Festival en todo el municipio, animando a los comercios adheridos a la Federaci\u00f3n a decorar sus escaparates y que la ciudad se impregne de flamenco.<\/p>\n<p>Por eso este a\u00f1o se convoca, por primera vez y como iniciativa pionera en el pa\u00eds, el Concurso de Escaparates del Cante de las Minas, que invita a los empresarios adheridos a Faepu a vestir sus escaparates y optar a un primer premio de 250 euros, destinados a ser invertidos en cualquier comercio o establecimiento hostelero de la Federaci\u00f3n.<\/p>\n<p>Se trata de un concurso que viene a sumarse al resto de los programados durante el Festival, tanto los de toque, cante, instrumentaci\u00f3n y baile, como el de trovo. \u201cEngalanar nuestros establecimientos para recibir a todos los artistas, a toda esa gente del mundo del flamenco que a\u00f1o tras a\u00f1o nos visita y a los clientes que hasta all\u00ed se acerquen, va a hacer que nuestra ciudad luzca m\u00e1s bonita, que podamos incrementar las ventas y que generemos un atractivo tur\u00edstico m\u00e1s\u201d, detall\u00f3 ayer durante la presentaci\u00f3n el presidente de la Fundaci\u00f3n Cante de las Minas, Joaqu\u00edn Zapata. Estos escaparates contar\u00e1n con la creatividad del talento local de La Uni\u00f3n, coordinados por la artista Antonia Esther.<\/p>\n<p>El jurado evaluar\u00e1 aspectos como la ambientaci\u00f3n tem\u00e1tica, originalidad, montaje, complejidad, est\u00e9tica, creatividad, visibilidad y atractivo comercial, y est\u00e1 compuesto por el artista Esteban Bernal Aguirre, el fot\u00f3grafo Paco Manzano, la especialista en Bellas Artes Julia Berm\u00fadez y la arquitecta Sonia Hern\u00e1ndez, bajo la presidencia de Carlos Bernab\u00e9.<\/p>\n<p>\u201cEs un salto cualitativo y cuantitativo, porque todo lo que empieza como algo peque\u00f1o acaba siendo grande si se crean sinergias y colaboramos juntos\u201d, destac\u00f3 el presidente de Faepu, Carlos Bernab\u00e9, que destac\u00f3 el honor que supone para estos establecimientos poder lucir en sus escaparates los trofeos del Festival.<\/p>\n<p>Durante la rueda de prensa celebrada ayer, se entregaron los trofeos en el Sal\u00f3n de Plenos del Ayuntamiento. As\u00ed, los comercios que lucir\u00e1n los premios son Librer\u00eda Real el \u2018Pencho Cros\u2019; Trendy Wear, el \u2018Fil\u00f3n Minero\u2019; Alymo, el \u2018Rojo El Alpargatero\u2019; Jayam Fotograf\u00eda, el \u2018Bord\u00f3n Minero\u2019; Librer\u00eda Saez, el \u2018Asensio S\u00e1ez\u2019; Mar de Caprichos, la \u2018L\u00e1mpara Minera\u2019; Herbolario La Uni\u00f3n, el \u2018Desplante\u2019 Masculino; Hotel Portm\u00e1n, el \u2018Desplante\u2019 Femenino, Regalos Flori Guerrero, el \u2018Esteban Bernal\u2019 y Yoigo el premio \u2018Trovero Mar\u00edn\u2019.<\/p>\n<p>Los escaparates deber\u00e1n estar decorados y listos para su exhibici\u00f3n al p\u00fablico antes del 29 de julio de 2024. Durante todo el festival, los comercios deber\u00e1n mantener la iluminaci\u00f3n nocturna para destacar sus decoraciones. El fallo del jurado se dar\u00e1 a conocer el 31 de julio.<\/p>\n<p>Para m\u00e1s informaci\u00f3n e inscripciones, los interesados pueden dirigirse a la secretar\u00eda de FAEPU.<\/p>\n","protected":false},"excerpt":{"rendered":"<p>Los establecimientos de La Uni\u00f3n vuelven a engalanarse con motivos flamencos y mineros para recibir a los visitantes del Festival Internacional, impulsando los dise\u00f1os de los j\u00f3venes artistas de la localidad y mostrando los m\u00e1ximos trofeos del encuentro. El Cante de las Minas sigue potenciando la implicaci\u00f3n del tejido econ\u00f3mico y empresarial de La Uni\u00f3n. [&hellip;]<\/p>\n","protected":false},"author":2,"featured_media":1284,"comment_status":"open","ping_status":"open","sticky":false,"template":"","format":"standard","meta":{"footnotes":""},"categories":[5],"tags":[],"class_list":["post-1283","post","type-post","status-publish","format-standard","has-post-thumbnail","hentry","category-noticias"],"_links":{"self":[{"href":"http:\/\/radiounion.es\/index.php\/wp-json\/wp\/v2\/posts\/1283","targetHints":{"allow":["GET"]}}],"collection":[{"href":"http:\/\/radiounion.es\/index.php\/wp-json\/wp\/v2\/posts"}],"about":[{"href":"http:\/\/radiounion.es\/index.php\/wp-json\/wp\/v2\/types\/post"}],"author":[{"embeddable":true,"href":"http:\/\/radiounion.es\/index.php\/wp-json\/wp\/v2\/users\/2"}],"replies":[{"embeddable":true,"href":"http:\/\/radiounion.es\/index.php\/wp-json\/wp\/v2\/comments?post=1283"}],"version-history":[{"count":1,"href":"http:\/\/radiounion.es\/index.php\/wp-json\/wp\/v2\/posts\/1283\/revisions"}],"predecessor-version":[{"id":1285,"href":"http:\/\/radiounion.es\/index.php\/wp-json\/wp\/v2\/posts\/1283\/revisions\/1285"}],"wp:featuredmedia":[{"embeddable":true,"href":"http:\/\/radiounion.es\/index.php\/wp-json\/wp\/v2\/media\/1284"}],"wp:attachment":[{"href":"http:\/\/radiounion.es\/index.php\/wp-json\/wp\/v2\/media?parent=1283"}],"wp:term":[{"taxonomy":"category","embeddable":true,"href":"http:\/\/radiounion.es\/index.php\/wp-json\/wp\/v2\/categories?post=1283"},{"taxonomy":"post_tag","embeddable":true,"href":"http:\/\/radiounion.es\/index.php\/wp-json\/wp\/v2\/tags?post=1283"}],"curies":[{"name":"wp","href":"https:\/\/api.w.org\/{rel}","templated":true}]}}