{"id":1286,"date":"2024-07-10T08:37:50","date_gmt":"2024-07-10T06:37:50","guid":{"rendered":"https:\/\/radiounion.es\/?p=1286"},"modified":"2024-07-10T08:37:50","modified_gmt":"2024-07-10T06:37:50","slug":"joaquin-sabina-anuncia-su-despedida-de-los-escenarios-con-la-gira-hola-y-adios","status":"publish","type":"post","link":"http:\/\/radiounion.es\/index.php\/2024\/07\/10\/joaquin-sabina-anuncia-su-despedida-de-los-escenarios-con-la-gira-hola-y-adios\/","title":{"rendered":"JOAQU\u00cdN SABINA anuncia su despedida de los escenarios con la gira \u00abHOLA Y ADI\u00d3S\u00bb"},"content":{"rendered":"<p>JOAQU\u00cdN SABINA anuncia su despedida de los escenarios con la gira \u00abHOLA Y ADI\u00d3S\u00bb, en su reciente cita con el p\u00fablico ofreci\u00f3, contra todo pron\u00f3stico, la m\u00e1s rotunda gira de su dilatada carrera, donde la ilusi\u00f3n, profesionalidad y experiencia del maestro de \u00dabeda vencieron el pulso al v\u00e9rtigo inicial.<\/p>\n<p>Contagiando alegr\u00eda y energ\u00eda a sus m\u00fasicos, impregnando las interpretaciones de una inusitada y arrebolada sensibilidad y gan\u00e1ndose a un respetable.<\/p>\n<p>m\u00e1s de 700.000 personas en casi 60 conciertos por una docena de pa\u00edses a ambos lados del Charco \u2014 que se volc\u00f3,<\/p>\n<p>entusiasm\u00f3 y conmovi\u00f3 hasta ese punto de m\u00e1gica alquimia donde confluyen el aplauso fervoroso, la l\u00e1grima de emoci\u00f3n y ese \u00e1nimo costalero con el que, de haber sido posible, le hubiesen sacado a hombros tras cada uno de los recitales.<\/p>\n<p>Al calor de esas mieles y por la llana cortes\u00eda de no abandonar la fiesta sin despedirse, Joaqu\u00edn Sabina ha decidido subir de nuevo a los escenarios para saludar por \u00faltima vez antes de bajar el tel\u00f3n.<\/p>\n<p>Sabina cuelga con\u00a0<i>HOLA Y ADI\u00d3S<\/i>\u00a0sus guantes de piel de poes\u00eda y guitarra trasnochadora rellenos del polvo de la carretera y la manta, del intenso carm\u00edn de las mil veces mil y una noches, remendados tantas veces con el hilo de la derrota y la hebra de la esperanza,<\/p>\n<p>preparados para ofrecernos un \u00faltimo nocaut emocional de m\u00e1s de dos horas de duraci\u00f3n con una veintena larga de temas que son ya plegarias universales del sue\u00f1o imposible del amor y del querer meterle mano a la vida.<\/p>\n<p><i>HOLA Y ADI\u00d3S<\/i>\u00a0ser\u00e1 la despedida multitudinaria de una garganta que, sin destilar, rezuma imp\u00eda e imp\u00fadica verdad; de un bomb\u00edn que es sin\u00f3nimo de golfer\u00eda dandi y p\u00edcara caballerosidad; de una ic\u00f3nica silueta perfilada con humo de cigarrillo y g\u00fcisqui sin soda.<\/p>\n<p>Por supuesto, esa esencia trasnochada jam\u00e1s dejar\u00e1 de escribir las historias y canciones que siempre le rondar\u00e1n la mente.\u00a0El oficio del poeta no piensa jubilarse, tampoco el del creador nocturno.<\/p>\n<p>Joaqu\u00edn Sabina, anuncia su despedida y as\u00ed se cierra un c\u00edrculo que abarca medio siglo desde sus primeras apariciones p\u00fablicas, cuando hac\u00eda la calle en el metro londinense, durante su autoexilio en las postrimer\u00edas del franquismo.<\/p>\n<p>Un incierto punto de partida para alguien que, tras cabalgar a lomos de los vertiginosos ochenta con un bello lirismo urbano que exced\u00eda el \u00e1mbito de la canci\u00f3n de autor,<\/p>\n<p>traspas\u00f3 durante los noventa la frontera de profeta en su tierra para entrar definitivamente en el nuevo milenio bajo la categor\u00eda de mito internacional: desde Tierra de Fuego hasta el Desierto de Sonora, precedido por una leyenda disoluta y un s\u00f3lido e impresionante torrente de canciones indelebles alojadas en una discograf\u00eda tot\u00e9mica que, que, como ya viene sucediendo, se seguir\u00e1 estudiando en los libros de la Historia del acervo popular.<\/p>\n<p>Durante 11 semanas recorrer\u00e1 M\u00e9xico, Estados Unidos, Costa Rica, Colombia, Per\u00fa, Chile, Uruguay y Argentina. Tras una breve pausa la gira seguir\u00e1 su rumbo a Espa\u00f1a y Europa, hasta su final en el mes de noviembre. Las fechas, ciudades y venta de entradas se dar\u00e1n a conocer en el mes de julio para Am\u00e9rica y en septiembre para Espa\u00f1a.<\/p>\n","protected":false},"excerpt":{"rendered":"<p>JOAQU\u00cdN SABINA anuncia su despedida de los escenarios con la gira \u00abHOLA Y ADI\u00d3S\u00bb, en su reciente cita con el p\u00fablico ofreci\u00f3, contra todo pron\u00f3stico, la m\u00e1s rotunda gira de su dilatada carrera, donde la ilusi\u00f3n, profesionalidad y experiencia del maestro de \u00dabeda vencieron el pulso al v\u00e9rtigo inicial. Contagiando alegr\u00eda y energ\u00eda a sus [&hellip;]<\/p>\n","protected":false},"author":2,"featured_media":1287,"comment_status":"open","ping_status":"open","sticky":false,"template":"","format":"standard","meta":{"footnotes":""},"categories":[5],"tags":[],"class_list":["post-1286","post","type-post","status-publish","format-standard","has-post-thumbnail","hentry","category-noticias"],"_links":{"self":[{"href":"http:\/\/radiounion.es\/index.php\/wp-json\/wp\/v2\/posts\/1286","targetHints":{"allow":["GET"]}}],"collection":[{"href":"http:\/\/radiounion.es\/index.php\/wp-json\/wp\/v2\/posts"}],"about":[{"href":"http:\/\/radiounion.es\/index.php\/wp-json\/wp\/v2\/types\/post"}],"author":[{"embeddable":true,"href":"http:\/\/radiounion.es\/index.php\/wp-json\/wp\/v2\/users\/2"}],"replies":[{"embeddable":true,"href":"http:\/\/radiounion.es\/index.php\/wp-json\/wp\/v2\/comments?post=1286"}],"version-history":[{"count":1,"href":"http:\/\/radiounion.es\/index.php\/wp-json\/wp\/v2\/posts\/1286\/revisions"}],"predecessor-version":[{"id":1288,"href":"http:\/\/radiounion.es\/index.php\/wp-json\/wp\/v2\/posts\/1286\/revisions\/1288"}],"wp:featuredmedia":[{"embeddable":true,"href":"http:\/\/radiounion.es\/index.php\/wp-json\/wp\/v2\/media\/1287"}],"wp:attachment":[{"href":"http:\/\/radiounion.es\/index.php\/wp-json\/wp\/v2\/media?parent=1286"}],"wp:term":[{"taxonomy":"category","embeddable":true,"href":"http:\/\/radiounion.es\/index.php\/wp-json\/wp\/v2\/categories?post=1286"},{"taxonomy":"post_tag","embeddable":true,"href":"http:\/\/radiounion.es\/index.php\/wp-json\/wp\/v2\/tags?post=1286"}],"curies":[{"name":"wp","href":"https:\/\/api.w.org\/{rel}","templated":true}]}}