{"id":1343,"date":"2024-07-29T10:08:03","date_gmt":"2024-07-29T08:08:03","guid":{"rendered":"https:\/\/radiounion.es\/?p=1343"},"modified":"2024-07-29T10:08:03","modified_gmt":"2024-07-29T08:08:03","slug":"la-hungara-celebra-25-anos-en-la-musica-rodeada-de-amigos","status":"publish","type":"post","link":"http:\/\/radiounion.es\/index.php\/2024\/07\/29\/la-hungara-celebra-25-anos-en-la-musica-rodeada-de-amigos\/","title":{"rendered":"La H\u00fangara celebra 25 a\u00f1os en la m\u00fasica rodeada de amigos"},"content":{"rendered":"<p>La reconocida cantante flamenca La H\u00fangara ha celebrado su 25\u00ba aniversario en la m\u00fasica con una fiesta memorable rodeada de amigos y figuras destacadas del panorama art\u00edstico espa\u00f1ol. El evento tuvo lugar el pasado 2 de julio en Gilda Haus, ubicado en San Mateo, 6, en pleno coraz\u00f3n de Madrid.<\/p>\n<p>Entre los asistentes al evento se encontraban grandes amigos de La H\u00fangara como el cantante Nyno Vargas, la personalidad televisiva Gloria Camila Ortega y la artista Amor Romeira. La celebraci\u00f3n tambi\u00e9n cont\u00f3 con la presencia de la actriz Greta Fern\u00e1ndez, entre otras personalidades, quienes se unieron para rendir homenaje a la trayectoria de esta influyente artista del flamenco.<\/p>\n<p>Desde muy joven, La H\u00fangara tuvo claro que su destino era ser artista. Dedic\u00f3 gran parte de su infancia y adolescencia al canto y al baile, pasi\u00f3n que la llev\u00f3 a convertirse en un referente del flamenco en Espa\u00f1a. Su dedicaci\u00f3n y talento han dejado una huella imborrable en el g\u00e9nero, y su m\u00fasica ha resonado en los corazones de muchos seguidores a lo largo de los a\u00f1os.<\/p>\n<p>La fiesta en Gilda Haus fue una celebraci\u00f3n emotiva y llena de momentos inolvidables. Los invitados disfrutaron de actuaciones en vivo, an\u00e9cdotas compartidas y un ambiente cargado de alegr\u00eda y reconocimiento. \u00abEs un honor celebrar estos 25 a\u00f1os rodeada de amigos y personas que han sido parte de mi vida y mi carrera. Este es solo el comienzo de mucho m\u00e1s por venir\u00bb, expres\u00f3 La H\u00fangara visiblemente emocionada.<\/p>\n<p>Durante la celebraci\u00f3n, La H\u00fangara tambi\u00e9n reflexion\u00f3 sobre su trayectoria y el impacto de su m\u00fasica. \u00abSiempre he sentido que el flamenco es m\u00e1s que un g\u00e9nero, es una forma de vida. Agradezco a todos los que han estado conmigo en este viaje, desde mis inicios hasta hoy. Seguiremos cantando y bailando juntos\u00bb, afirm\u00f3 la artista.<\/p>\n<p>La H\u00fangara ha dejado claro que su pasi\u00f3n por la m\u00fasica sigue tan viva como siempre y que continuar\u00e1 trabajando para mantener su legado en el flamenco. Sus fans y amigos esperan con entusiasmo sus pr\u00f3ximos proyectos y actuaciones, seguros de que La H\u00fangara seguir\u00e1 brillando en el escenario por muchos a\u00f1os m\u00e1s.<\/p>\n","protected":false},"excerpt":{"rendered":"<p>La reconocida cantante flamenca La H\u00fangara ha celebrado su 25\u00ba aniversario en la m\u00fasica con una fiesta memorable rodeada de amigos y figuras destacadas del panorama art\u00edstico espa\u00f1ol. El evento tuvo lugar el pasado 2 de julio en Gilda Haus, ubicado en San Mateo, 6, en pleno coraz\u00f3n de Madrid. Entre los asistentes al evento [&hellip;]<\/p>\n","protected":false},"author":2,"featured_media":1344,"comment_status":"open","ping_status":"open","sticky":false,"template":"","format":"standard","meta":{"footnotes":""},"categories":[5],"tags":[],"class_list":["post-1343","post","type-post","status-publish","format-standard","has-post-thumbnail","hentry","category-noticias"],"_links":{"self":[{"href":"http:\/\/radiounion.es\/index.php\/wp-json\/wp\/v2\/posts\/1343","targetHints":{"allow":["GET"]}}],"collection":[{"href":"http:\/\/radiounion.es\/index.php\/wp-json\/wp\/v2\/posts"}],"about":[{"href":"http:\/\/radiounion.es\/index.php\/wp-json\/wp\/v2\/types\/post"}],"author":[{"embeddable":true,"href":"http:\/\/radiounion.es\/index.php\/wp-json\/wp\/v2\/users\/2"}],"replies":[{"embeddable":true,"href":"http:\/\/radiounion.es\/index.php\/wp-json\/wp\/v2\/comments?post=1343"}],"version-history":[{"count":1,"href":"http:\/\/radiounion.es\/index.php\/wp-json\/wp\/v2\/posts\/1343\/revisions"}],"predecessor-version":[{"id":1345,"href":"http:\/\/radiounion.es\/index.php\/wp-json\/wp\/v2\/posts\/1343\/revisions\/1345"}],"wp:featuredmedia":[{"embeddable":true,"href":"http:\/\/radiounion.es\/index.php\/wp-json\/wp\/v2\/media\/1344"}],"wp:attachment":[{"href":"http:\/\/radiounion.es\/index.php\/wp-json\/wp\/v2\/media?parent=1343"}],"wp:term":[{"taxonomy":"category","embeddable":true,"href":"http:\/\/radiounion.es\/index.php\/wp-json\/wp\/v2\/categories?post=1343"},{"taxonomy":"post_tag","embeddable":true,"href":"http:\/\/radiounion.es\/index.php\/wp-json\/wp\/v2\/tags?post=1343"}],"curies":[{"name":"wp","href":"https:\/\/api.w.org\/{rel}","templated":true}]}}