{"id":1350,"date":"2024-07-30T10:21:04","date_gmt":"2024-07-30T08:21:04","guid":{"rendered":"https:\/\/radiounion.es\/?p=1350"},"modified":"2024-07-30T10:21:04","modified_gmt":"2024-07-30T08:21:04","slug":"el-melon-de-oro-del-festival-de-lo-ferro-ya-tiene-dueno","status":"publish","type":"post","link":"http:\/\/radiounion.es\/index.php\/2024\/07\/30\/el-melon-de-oro-del-festival-de-lo-ferro-ya-tiene-dueno\/","title":{"rendered":"El \u201cMel\u00f3n de Oro\u201d del Festival de Lo Ferro ya tiene due\u00f1o"},"content":{"rendered":"<p><span>Jes\u00fas Castilla destac\u00f3 entre los finalistas, que inclu\u00edan a Carmen Carmona Lara de C\u00f3rdoba, Juan Carmona P\u00e9rez de Ja\u00e9n, Jos\u00e9 Antonio Romero P\u00e9rez de C\u00e1diz y Raquel Salas Rosado de Huelva. Su brillante interpretaci\u00f3n, que incluy\u00f3 cantes de fragua, farruca y buler\u00edas, le vali\u00f3 el t\u00edtulo de cantaor m\u00e1s completo, junto con un premio de 12.000 euros donado por Melones \u201cEl Abuelo\u201d.<\/span><\/p>\n<p><span>El segundo galard\u00f3n de la noche, el trofeo \u201cMolino de Lo Ferro\u201d a la ferre\u00f1a mejor cantada, dotado con 5.000 euros y otorgado por la Pe\u00f1a Flamenca \u201cMel\u00f3n de Oro\u201d, fue para la sevillana Raquel Salas, quien deslumbr\u00f3 al p\u00fablico con<\/span><\/p>\n<p><span>Otros premios destacados del certamen, cada uno con una dotaci\u00f3n de 2.000 euros, fueron entregados a:<\/span><\/p>\n<ul>\n<li><span>Juan Carmona P\u00e9rez, Primer Premio a los cantes procedentes del fandango, por su interpretaci\u00f3n de trilla, granaina y media, y ca\u00f1a.<\/span><\/li>\n<li><span>Carmen Carmona Lara, Primer Premio a los cantes de ritmo, por sus cantes de granaina y media, sole\u00e1 y buler\u00edas<\/span><\/li>\n<li><span>Jos\u00e9 Antonio Romero, Primer Premio de cantes b\u00e1sicos, por su interpretaci\u00f3n de malague\u00f1a, sole\u00e1 y tang<\/span><\/li>\n<\/ul>\n<p><span>Adem\u00e1s, durante esta jornada de final, se hizo entrega a la Ciudad de M\u00e1laga de la \u201cMedalla de Oro\u201d del Festival de Lo Ferro, en reconocimiento a su papel como cuna y guardiana del flamenco a lo largo de los a\u00f1os.<\/span><\/p>\n<p>As\u00ed mismo tambi\u00e9n se hizo entrega del premio\u00a0\u201cSebasti\u00e1n Escudero\u201d\u00a0a la\u00a0<i>bailaora y core\u00f3grafa<\/i>\u00a0Cristina Hoyos\u00a0\u201cpor una apasionada e inmaculada carrera profesional que la ha llevado a regalar su arte por teatros de todo el mundo\u201d, el cual recogi\u00f3 el maestro\u00a0Antonio Fern\u00e1ndez D\u00edaz,\u00a0\u201cFosforito\u201d,\u00a0\u00edntimo amigo de la sevillana que no pudo estar en Lo Ferro por motivos de salud.<\/p>\n<p>El Festival Internacional de Cante Flamenco de Lo Ferro sigue consolid\u00e1ndose como un referente en el mundo del flamenco, celebrando y premiando la excelencia y la pasi\u00f3n por este arte.<\/p>\n<p>&nbsp;<\/p>\n<p>Fuente: revistaflamenca.com<\/p>\n","protected":false},"excerpt":{"rendered":"<p>Jes\u00fas Castilla destac\u00f3 entre los finalistas, que inclu\u00edan a Carmen Carmona Lara de C\u00f3rdoba, Juan Carmona P\u00e9rez de Ja\u00e9n, Jos\u00e9 Antonio Romero P\u00e9rez de C\u00e1diz y Raquel Salas Rosado de Huelva. Su brillante interpretaci\u00f3n, que incluy\u00f3 cantes de fragua, farruca y buler\u00edas, le vali\u00f3 el t\u00edtulo de cantaor m\u00e1s completo, junto con un premio de [&hellip;]<\/p>\n","protected":false},"author":2,"featured_media":1351,"comment_status":"open","ping_status":"open","sticky":false,"template":"","format":"standard","meta":{"footnotes":""},"categories":[5],"tags":[],"class_list":["post-1350","post","type-post","status-publish","format-standard","has-post-thumbnail","hentry","category-noticias"],"_links":{"self":[{"href":"http:\/\/radiounion.es\/index.php\/wp-json\/wp\/v2\/posts\/1350","targetHints":{"allow":["GET"]}}],"collection":[{"href":"http:\/\/radiounion.es\/index.php\/wp-json\/wp\/v2\/posts"}],"about":[{"href":"http:\/\/radiounion.es\/index.php\/wp-json\/wp\/v2\/types\/post"}],"author":[{"embeddable":true,"href":"http:\/\/radiounion.es\/index.php\/wp-json\/wp\/v2\/users\/2"}],"replies":[{"embeddable":true,"href":"http:\/\/radiounion.es\/index.php\/wp-json\/wp\/v2\/comments?post=1350"}],"version-history":[{"count":1,"href":"http:\/\/radiounion.es\/index.php\/wp-json\/wp\/v2\/posts\/1350\/revisions"}],"predecessor-version":[{"id":1352,"href":"http:\/\/radiounion.es\/index.php\/wp-json\/wp\/v2\/posts\/1350\/revisions\/1352"}],"wp:featuredmedia":[{"embeddable":true,"href":"http:\/\/radiounion.es\/index.php\/wp-json\/wp\/v2\/media\/1351"}],"wp:attachment":[{"href":"http:\/\/radiounion.es\/index.php\/wp-json\/wp\/v2\/media?parent=1350"}],"wp:term":[{"taxonomy":"category","embeddable":true,"href":"http:\/\/radiounion.es\/index.php\/wp-json\/wp\/v2\/categories?post=1350"},{"taxonomy":"post_tag","embeddable":true,"href":"http:\/\/radiounion.es\/index.php\/wp-json\/wp\/v2\/tags?post=1350"}],"curies":[{"name":"wp","href":"https:\/\/api.w.org\/{rel}","templated":true}]}}