{"id":1353,"date":"2024-07-30T10:33:25","date_gmt":"2024-07-30T08:33:25","guid":{"rendered":"https:\/\/radiounion.es\/?p=1353"},"modified":"2024-07-30T11:43:26","modified_gmt":"2024-07-30T09:43:26","slug":"una-exposicion-fotografica-ilustra-en-la-union-los-pilares-del-flamenco","status":"publish","type":"post","link":"http:\/\/radiounion.es\/index.php\/2024\/07\/30\/una-exposicion-fotografica-ilustra-en-la-union-los-pilares-del-flamenco\/","title":{"rendered":"Una exposici\u00f3n fotogr\u00e1fica ilustra en La Uni\u00f3n los &#8216;Pilares del Flamenco&#8217;"},"content":{"rendered":"<p><strong>El fot\u00f3grafo unionense Paco Silvente inaugura el pr\u00f3ximo mi\u00e9rcoles, 31 de julio, una muestra que plasma el cante, toque y baile que cada a\u00f1o llega hasta el Festival Internacional del Cante de las Minas<br \/>\n<\/strong><strong>Ser\u00e1 a las 13.30h en la Sala de Exposiciones de la Casa del Pi\u00f1\u00f3n y se podr\u00e1 disfrutar hasta el 10 de agosto<\/strong><\/p>\n<p>&nbsp;<\/p>\n<p>\u00bfSe puede plasmar en fotos la esencia del Cante de las Minas? Para el fot\u00f3grafo unionense Paco Silvente, la 63\u00aa edici\u00f3n del Festival Internacional es el marco perfecto para mostrar el trabajo que durante estos a\u00f1os ha realizado en este evento flamenco, donde ha plasmado con su c\u00e1mara los artistas que han protagonizado las galas y los concursos. La exposici\u00f3n fotogr\u00e1fica \u2018Pilares del flamenco\u2019 muestra el cante, el toque y el baile en una colecci\u00f3n que se inaugurar\u00e1 el mi\u00e9rcoles, 31 de julio, a las 13.30h en la Sala de Exposiciones de la Casa del Pi\u00f1\u00f3n, y que se podr\u00e1 visitar hasta el 10 de agosto.<\/p>\n<p><img fetchpriority=\"high\" decoding=\"async\" class=\"alignnone size-medium wp-image-1358\" src=\"http:\/\/radiounion.es\/wp-content\/uploads\/2024\/07\/CARTEL-CORREGIDO-214x300.jpeg\" alt=\"\" width=\"214\" height=\"300\" srcset=\"http:\/\/radiounion.es\/wp-content\/uploads\/2024\/07\/CARTEL-CORREGIDO-214x300.jpeg 214w, http:\/\/radiounion.es\/wp-content\/uploads\/2024\/07\/CARTEL-CORREGIDO-732x1024.jpeg 732w, http:\/\/radiounion.es\/wp-content\/uploads\/2024\/07\/CARTEL-CORREGIDO-768x1075.jpeg 768w, http:\/\/radiounion.es\/wp-content\/uploads\/2024\/07\/CARTEL-CORREGIDO-1097x1536.jpeg 1097w, http:\/\/radiounion.es\/wp-content\/uploads\/2024\/07\/CARTEL-CORREGIDO.jpeg 1143w\" sizes=\"(max-width: 214px) 100vw, 214px\" \/><\/p>\n<p>&nbsp;<\/p>\n<p>Supone la cuarta exposici\u00f3n fotogr\u00e1fica sobre flamenco para Silvente, que en esta ocasi\u00f3n ha querido resaltar el esfuerzo y dedicaci\u00f3n de los artistas que participan en el Festival. \u201cEllos son los verdaderos pilares del flamenco\u00bb, afirma.<\/p>\n<p>La historia de Paco Silvente est\u00e1 profundamente arraigada en el legado minero y flamenco de su familia. Desde ni\u00f1o, acompa\u00f1aba a su padre al Festival del Cante de las Minas, que en 1986 recibi\u00f3 el Homenaje al Minero. \u00abMi padre, hu\u00e9rfano de un minero fallecido joven por accidente, tambi\u00e9n trabaj\u00f3 en las minas desde los 9 a\u00f1os hasta que se jubil\u00f3 con 34 debido a la silicosis. Su amor por el flamenco y los cantes mineros siempre estuvo presente en casa, y \u00e9l fue uno de los pioneros en grabar todos los festivales con su magnet\u00f3fono de cuatro pistas\u00bb, relata Silvente. Esta profunda conexi\u00f3n familiar con el flamenco y la miner\u00eda ha sido una fuente constante de inspiraci\u00f3n en su obra.<\/p>\n<p>La preparaci\u00f3n de esta exposici\u00f3n ha sido un proceso creativo intenso. El artista detalla que la selecci\u00f3n de las fotograf\u00edas es una tarea a la que dedica tiempo y cari\u00f1o. \u00abMis fotograf\u00edas deben contar una historia coherente, desde el revelado digital en casa hasta la impresi\u00f3n final en papel fotogr\u00e1fico. Todo debe estar perfectamente alineado para transmitir la emoci\u00f3n y la pasi\u00f3n del flamenco\u00bb, comenta.<\/p>\n<p>Una de las particularidades de su obra es la capacidad de capturar momentos \u00fanicos de complicidad entre el artista y el fot\u00f3grafo. \u00abAunque el artista est\u00e9 concentrado en su actuaci\u00f3n, hay instantes en que sabes que te est\u00e1n mirando, sonriendo o gesticulando para la c\u00e1mara. Esas son las im\u00e1genes que realmente me satisfacen\u00bb, comparte Silvente. Subraya la influencia de la m\u00fasica flamenca en su proceso creativo. \u00abEscuchar flamenco mientras trabajo me ayuda a sumergirme completamente\u00bb, dice. Entre los artistas que m\u00e1s le impactan, menciona a los bailaores y bailaoras, cuya expresividad ofrece un gran material para sus fotograf\u00edas.<\/p>\n<p>&#8216;Pilares del Flamenco&#8217; promete ser una exposici\u00f3n que no solo deleitar\u00e1 a los amantes del flamenco, sino que tambi\u00e9n atraer\u00e1 a nuevos espectadores.<\/p>\n<p>&nbsp;<\/p>\n<p>El Festival Internacional del Cante de las Minas est\u00e1 organizado por la Fundaci\u00f3n Cante de las Minas con el respaldo del Ayuntamiento de La Uni\u00f3n, la Comunidad Aut\u00f3noma de la Regi\u00f3n de Murcia, el Instituto de las Industrias Culturales (ICA), Costa C\u00e1lida Regi\u00f3n de Murcia y el Instituto Nacional de las Artes Esc\u00e9nicas y la M\u00fasica del Ministerio de Cultura. Cuenta, adem\u00e1s, con el patrocinio de La Verdad, La7, Repsol, So-La-Na Entertainment, Grupo Elsamex, Fundaci\u00f3n CajaMurcia y Caixabank, Grupo Avanza Servicios, Acciona, Cajamar, Inmesur Levante, Cerveza El \u00c1guila, Tecsumaga y Suministros Mayor.<\/p>\n","protected":false},"excerpt":{"rendered":"<p>El fot\u00f3grafo unionense Paco Silvente inaugura el pr\u00f3ximo mi\u00e9rcoles, 31 de julio, una muestra que plasma el cante, toque y baile que cada a\u00f1o llega hasta el Festival Internacional del Cante de las Minas Ser\u00e1 a las 13.30h en la Sala de Exposiciones de la Casa del Pi\u00f1\u00f3n y se podr\u00e1 disfrutar hasta el 10 [&hellip;]<\/p>\n","protected":false},"author":2,"featured_media":1354,"comment_status":"open","ping_status":"open","sticky":false,"template":"","format":"standard","meta":{"footnotes":""},"categories":[5],"tags":[],"class_list":["post-1353","post","type-post","status-publish","format-standard","has-post-thumbnail","hentry","category-noticias"],"_links":{"self":[{"href":"http:\/\/radiounion.es\/index.php\/wp-json\/wp\/v2\/posts\/1353","targetHints":{"allow":["GET"]}}],"collection":[{"href":"http:\/\/radiounion.es\/index.php\/wp-json\/wp\/v2\/posts"}],"about":[{"href":"http:\/\/radiounion.es\/index.php\/wp-json\/wp\/v2\/types\/post"}],"author":[{"embeddable":true,"href":"http:\/\/radiounion.es\/index.php\/wp-json\/wp\/v2\/users\/2"}],"replies":[{"embeddable":true,"href":"http:\/\/radiounion.es\/index.php\/wp-json\/wp\/v2\/comments?post=1353"}],"version-history":[{"count":2,"href":"http:\/\/radiounion.es\/index.php\/wp-json\/wp\/v2\/posts\/1353\/revisions"}],"predecessor-version":[{"id":1359,"href":"http:\/\/radiounion.es\/index.php\/wp-json\/wp\/v2\/posts\/1353\/revisions\/1359"}],"wp:featuredmedia":[{"embeddable":true,"href":"http:\/\/radiounion.es\/index.php\/wp-json\/wp\/v2\/media\/1354"}],"wp:attachment":[{"href":"http:\/\/radiounion.es\/index.php\/wp-json\/wp\/v2\/media?parent=1353"}],"wp:term":[{"taxonomy":"category","embeddable":true,"href":"http:\/\/radiounion.es\/index.php\/wp-json\/wp\/v2\/categories?post=1353"},{"taxonomy":"post_tag","embeddable":true,"href":"http:\/\/radiounion.es\/index.php\/wp-json\/wp\/v2\/tags?post=1353"}],"curies":[{"name":"wp","href":"https:\/\/api.w.org\/{rel}","templated":true}]}}