{"id":1360,"date":"2024-07-31T08:56:09","date_gmt":"2024-07-31T06:56:09","guid":{"rendered":"https:\/\/radiounion.es\/?p=1360"},"modified":"2024-07-31T08:56:09","modified_gmt":"2024-07-31T06:56:09","slug":"juan-ramon-lucas-juan-tomas-frutos-y-carolina-gonzalez-seran-el-juglar-el-heraldo-y-la-musa-del-vi-certamen-de-trovos-pascual-garcia-mateos","status":"publish","type":"post","link":"http:\/\/radiounion.es\/index.php\/2024\/07\/31\/juan-ramon-lucas-juan-tomas-frutos-y-carolina-gonzalez-seran-el-juglar-el-heraldo-y-la-musa-del-vi-certamen-de-trovos-pascual-garcia-mateos\/","title":{"rendered":"Juan Ram\u00f3n Lucas, Juan Tom\u00e1s Frutos y Carolina Gonz\u00e1lez ser\u00e1n el Juglar, el Heraldo y la Musa del VI Certamen de Trovos \u2018Pascual Garc\u00eda Mateos\u2019"},"content":{"rendered":"<p><strong>Representan las m\u00e1ximas figuras de la convocatoria, que guiar\u00e1n e inspirar\u00e1n a los troveros que concursen en esta nueva edici\u00f3n<\/strong><\/p>\n<p>El Festival Internacional del Cante de las Minas contin\u00faa su estrecha relaci\u00f3n con el trovo con la celebraci\u00f3n del VI Certamen Internacional del Trovo \u2018Pascual Garc\u00eda Mateos\u2019, organizado por la Fundaci\u00f3n Cante de las Minas y la Tertulia Literaria Mesa Caf\u00e9. Este a\u00f1o, las figuras del trovo recaen en el periodista y escritor Juan Ram\u00f3n Lucas, que ser\u00e1 el Heraldo; el periodista de TVE Juan Tom\u00e1s Frutos, que ser\u00e1 el Juglar, y Carolina Gonz\u00e1lez \u2018Cantarica\u2019, sobrina nieta del trovero Pedro Cantares, que ser\u00e1 la Musa.<\/p>\n<p>El encargado de anunciar que \u201cel trovo vuelve a ocupar su lugar en La Uni\u00f3n\u201d es el periodista Juan Ram\u00f3n Lucas, embajador del Cante de las Minas. \u201cEstoy encantado de aportar un granito de arena a esta tradici\u00f3n\u201d, afirma. Gracias a este nombramiento se est\u00e1 adentrando en el mundo de la repentizaci\u00f3n: \u201cPara m\u00ed es nuevo y es un honor hacer de heraldo, porque me ha hecho asomarme al trovo, que me est\u00e1 enamorando como en su d\u00eda lo hizo el flamenco\u201d, indica el periodista.<\/p>\n<p>El Juglar tiene como misi\u00f3n guiar el evento. \u201cEstar\u00e9 ayudando a que se entienda lo que est\u00e1 ocurriendo\u201d, indica Juan Tom\u00e1s Frutos, porque el mundo del trovo \u201ces muy cercano, pero tambi\u00e9n muy desconocido, porque se asocia a algo muy antiguo\u201d. Se muestra sorprendido de haber sido elegido para esta misi\u00f3n: \u201cTodo lo que se asocia a La Uni\u00f3n es algo para sentirse muy agradecido, porque es el gran festival\u201d, se\u00f1ala. \u201cIntentar\u00e9 meter mi pizca y frases y poemas, porque en cualquier acto tenemos que dejar nuestra impronta para que tenga un toque de frescura, pero siempre sabiendo que los protagonistas son los troveros\u201d, adelanta el juglar. Destaca el af\u00e1n cr\u00edtico que debe tener cualquier comunicador, en consonancia en este caso con el \u201ccar\u00e1cter reivindicativo y rebelde del trovo\u201d. \u201cTrovo hay en cualquier parte del mundo, porque de un modo u otro a la gente le gusta rimar y contar c\u00f3mo ve la vida en cada momento, desde una visi\u00f3n muy universal\u201d, se\u00f1ala el comunicador.<\/p>\n<p>La musa recae en Carolina Gonz\u00e1lez Ram\u00edrez \u2018Cantarica\u2019, sobrina nieta del trovero Pedro Cantares. \u201cMi vida siempre ha estado vinculada al trovo\u201d, se\u00f1ala. Es una gran aficionada al trovo y ha asistido varias veces a La Uni\u00f3n a disfrutar del certamen \u2018Pascual Garc\u00eda Mateos\u2019. Se siente emocionada por su papel de musa en el concurso: \u201cFue una sorpresa tan inesperada que no me lo pod\u00eda creer. Es una gran alegr\u00eda dar inspiraci\u00f3n a los troveros y poder recordar y realzar la figura de \u2018Cantares\u2019, porque yo no quiero que se olvide su gran talento\u201d, afirma.<\/p>\n<p>El VI Certamen Internacional de Trovos \u2018Pascual Garc\u00eda Mateos\u2019 tendr\u00e1 lugar el d\u00eda 10 de agosto en el Sal\u00f3n de Actos de la Casa del Pi\u00f1\u00f3n.<\/p>\n<p>El Festival Internacional del Cante de las Minas est\u00e1 organizado por la Fundaci\u00f3n Cante de las Minas con el respaldo del Ayuntamiento de La Uni\u00f3n, la Comunidad Aut\u00f3noma de la Regi\u00f3n de Murcia, el Instituto de las Industrias Culturales (ICA), Costa C\u00e1lida Regi\u00f3n de Murcia y el Instituto Nacional de las Artes Esc\u00e9nicas y la M\u00fasica del Ministerio de Cultura. Cuenta, adem\u00e1s, con el patrocinio de La Verdad, La7, Repsol, So-La-Na Entertainment, Grupo Elsamex, Fundaci\u00f3n CajaMurcia y Caixabank, Grupo Avanza Servicios, Acciona, El \u00c1guila, Cajamar, Inmesur Levante, Tecsumaga y Suministros Mayor.<\/p>\n<p>&nbsp;<\/p>\n","protected":false},"excerpt":{"rendered":"<p>Representan las m\u00e1ximas figuras de la convocatoria, que guiar\u00e1n e inspirar\u00e1n a los troveros que concursen en esta nueva edici\u00f3n El Festival Internacional del Cante de las Minas contin\u00faa su estrecha relaci\u00f3n con el trovo con la celebraci\u00f3n del VI Certamen Internacional del Trovo \u2018Pascual Garc\u00eda Mateos\u2019, organizado por la Fundaci\u00f3n Cante de las Minas [&hellip;]<\/p>\n","protected":false},"author":2,"featured_media":1361,"comment_status":"open","ping_status":"open","sticky":false,"template":"","format":"standard","meta":{"footnotes":""},"categories":[5],"tags":[],"class_list":["post-1360","post","type-post","status-publish","format-standard","has-post-thumbnail","hentry","category-noticias"],"_links":{"self":[{"href":"http:\/\/radiounion.es\/index.php\/wp-json\/wp\/v2\/posts\/1360","targetHints":{"allow":["GET"]}}],"collection":[{"href":"http:\/\/radiounion.es\/index.php\/wp-json\/wp\/v2\/posts"}],"about":[{"href":"http:\/\/radiounion.es\/index.php\/wp-json\/wp\/v2\/types\/post"}],"author":[{"embeddable":true,"href":"http:\/\/radiounion.es\/index.php\/wp-json\/wp\/v2\/users\/2"}],"replies":[{"embeddable":true,"href":"http:\/\/radiounion.es\/index.php\/wp-json\/wp\/v2\/comments?post=1360"}],"version-history":[{"count":1,"href":"http:\/\/radiounion.es\/index.php\/wp-json\/wp\/v2\/posts\/1360\/revisions"}],"predecessor-version":[{"id":1362,"href":"http:\/\/radiounion.es\/index.php\/wp-json\/wp\/v2\/posts\/1360\/revisions\/1362"}],"wp:featuredmedia":[{"embeddable":true,"href":"http:\/\/radiounion.es\/index.php\/wp-json\/wp\/v2\/media\/1361"}],"wp:attachment":[{"href":"http:\/\/radiounion.es\/index.php\/wp-json\/wp\/v2\/media?parent=1360"}],"wp:term":[{"taxonomy":"category","embeddable":true,"href":"http:\/\/radiounion.es\/index.php\/wp-json\/wp\/v2\/categories?post=1360"},{"taxonomy":"post_tag","embeddable":true,"href":"http:\/\/radiounion.es\/index.php\/wp-json\/wp\/v2\/tags?post=1360"}],"curies":[{"name":"wp","href":"https:\/\/api.w.org\/{rel}","templated":true}]}}