{"id":1364,"date":"2024-08-01T08:35:32","date_gmt":"2024-08-01T06:35:32","guid":{"rendered":"http:\/\/radiounion.es\/?p=1364"},"modified":"2024-08-01T08:40:10","modified_gmt":"2024-08-01T06:40:10","slug":"un-retrato-vivo-de-la-historia-del-cante-de-las-minas","status":"publish","type":"post","link":"http:\/\/radiounion.es\/index.php\/2024\/08\/01\/un-retrato-vivo-de-la-historia-del-cante-de-las-minas\/","title":{"rendered":"Un retrato vivo de la historia del Cante de las Minas"},"content":{"rendered":"<p><strong>La exposici\u00f3n \u2018Pilares del Flamenco\u2019 inaugura la Agenda Cultural del Festival con fotograf\u00edas de Paco Silvente, en las que se muestran quej\u00edos, desplantes y gestos que forman parte del recuerdo de la Catedral del Cante<\/strong><\/p>\n<p>Hay im\u00e1genes que cobran vida si se fusionan con el recuerdo. Y en la \u2018Catedral del Cante\u2019, el antiguo Mercado P\u00fablico de La Uni\u00f3n, son muchos los momentos que quedan en la memoria de quienes llegan cada a\u00f1o a impregnarse de un flamenco con ra\u00edz. Por suerte, y gracias a la labor de multitud de fot\u00f3grafos, estos instantes tambi\u00e9n se plasman en fotograf\u00edas, convirti\u00e9ndose en un retrato vivo de la historia del evento de flamenco m\u00e1s importante del mundo.<\/p>\n<p>El objetivo del unionense Paco Silvente ha sido uno de esos fieles testigos de quej\u00edos, desplantes y gestos que muestran la pureza del flamenco en este templo; unas fotograf\u00edas que hoy han inaugurado la Agenda Cultural de la 63\u00aa edici\u00f3n del Festival Internacional del Cante de las Minas, reunidas en la exposici\u00f3n \u2018Pilares del flamenco\u2019. \u201cQuiero que esta exposici\u00f3n conecte a las personas que la visiten con lo que a m\u00ed me transmite el flamenco\u201d, indicaba el autor durante la inauguraci\u00f3n de la muestra, que se podr\u00e1 visitar hasta el 10 de agosto en la Sala de Exposiciones de la Casa del Pi\u00f1\u00f3n.<\/p>\n<p>En estas fotos se ven grandes figuras como El Cigala Pedro \u2018El Grana\u00edno\u2019, Farruquito, Miguel Poveda, Pitingo, Paco de Luc\u00eda o Estrella y Enrique Morente, as\u00ed como artistas que han pasado por nuestro concurso y han ganado la \u2018L\u00e1mpara Minera\u2019 como Antonia Contreras, Esther, El Mati o Mar\u00eda Jos\u00e9 Carrasco, adem\u00e1s de la unionense Encarnaci\u00f3n Fern\u00e1ndez o Mar\u00eda Elena Lorente Corv\u00ed (ArteDanza).<\/p>\n<p>\u201cEsta colecci\u00f3n fotogr\u00e1fica es un retrato vivo de la historia reciente del Festival, que destaca por su calidad t\u00e9cnica y su sentimiento, y que traen de vuelta esos momentos de disfrute que hemos vivido en la Catedral del Cante\u201d, ha afirmado el presidente de la Fundaci\u00f3n Cante de las Minas, Joaqu\u00edn Zapata.<\/p>\n<p>El Festival Internacional del Cante de las Minas est\u00e1 organizado por la Fundaci\u00f3n Cante de las Minas con el respaldo del Ayuntamiento de La Uni\u00f3n, la Comunidad Aut\u00f3noma de la Regi\u00f3n de Murcia, el Instituto de las Industrias Culturales (ICA), Costa C\u00e1lida Regi\u00f3n de Murcia y el Instituto Nacional de las Artes Esc\u00e9nicas y la M\u00fasica del Ministerio de Cultura. Cuenta, adem\u00e1s, con el patrocinio de La Verdad, La7, Repsol, So-La-Na Entertainment, Grupo Elsamex, Fundaci\u00f3n CajaMurcia y Caixabank, Grupo Avanza Servicios, Acciona, El \u00c1guila, Cajamar, Inmesur Levante, Tecsumaga y Suministros Mayor.<\/p>\n","protected":false},"excerpt":{"rendered":"<p>La exposici\u00f3n \u2018Pilares del Flamenco\u2019 inaugura la Agenda Cultural del Festival con fotograf\u00edas de Paco Silvente, en las que se muestran quej\u00edos, desplantes y gestos que forman parte del recuerdo de la Catedral del Cante Hay im\u00e1genes que cobran vida si se fusionan con el recuerdo. Y en la \u2018Catedral del Cante\u2019, el antiguo Mercado [&hellip;]<\/p>\n","protected":false},"author":2,"featured_media":1365,"comment_status":"open","ping_status":"open","sticky":false,"template":"","format":"standard","meta":{"footnotes":""},"categories":[5],"tags":[],"class_list":["post-1364","post","type-post","status-publish","format-standard","has-post-thumbnail","hentry","category-noticias"],"_links":{"self":[{"href":"http:\/\/radiounion.es\/index.php\/wp-json\/wp\/v2\/posts\/1364","targetHints":{"allow":["GET"]}}],"collection":[{"href":"http:\/\/radiounion.es\/index.php\/wp-json\/wp\/v2\/posts"}],"about":[{"href":"http:\/\/radiounion.es\/index.php\/wp-json\/wp\/v2\/types\/post"}],"author":[{"embeddable":true,"href":"http:\/\/radiounion.es\/index.php\/wp-json\/wp\/v2\/users\/2"}],"replies":[{"embeddable":true,"href":"http:\/\/radiounion.es\/index.php\/wp-json\/wp\/v2\/comments?post=1364"}],"version-history":[{"count":1,"href":"http:\/\/radiounion.es\/index.php\/wp-json\/wp\/v2\/posts\/1364\/revisions"}],"predecessor-version":[{"id":1366,"href":"http:\/\/radiounion.es\/index.php\/wp-json\/wp\/v2\/posts\/1364\/revisions\/1366"}],"wp:featuredmedia":[{"embeddable":true,"href":"http:\/\/radiounion.es\/index.php\/wp-json\/wp\/v2\/media\/1365"}],"wp:attachment":[{"href":"http:\/\/radiounion.es\/index.php\/wp-json\/wp\/v2\/media?parent=1364"}],"wp:term":[{"taxonomy":"category","embeddable":true,"href":"http:\/\/radiounion.es\/index.php\/wp-json\/wp\/v2\/categories?post=1364"},{"taxonomy":"post_tag","embeddable":true,"href":"http:\/\/radiounion.es\/index.php\/wp-json\/wp\/v2\/tags?post=1364"}],"curies":[{"name":"wp","href":"https:\/\/api.w.org\/{rel}","templated":true}]}}