{"id":1367,"date":"2024-08-01T08:42:53","date_gmt":"2024-08-01T06:42:53","guid":{"rendered":"https:\/\/radiounion.es\/?p=1367"},"modified":"2024-08-01T08:47:50","modified_gmt":"2024-08-01T06:47:50","slug":"el-i-concurso-de-escaparates-del-cante-de-las-minas-ya-tiene-ganadores","status":"publish","type":"post","link":"http:\/\/radiounion.es\/index.php\/2024\/08\/01\/el-i-concurso-de-escaparates-del-cante-de-las-minas-ya-tiene-ganadores\/","title":{"rendered":"El I Concurso de Escaparates del Cante de las Minas ya tiene ganadores"},"content":{"rendered":"<p><strong>El primer premio ha reca\u00eddo en Mar de Caprichos; el segundo, en Herbolario La Uni\u00f3n y el tercero, en Regalos Flori Guerrero<\/strong><\/p>\n<p>Los comercios de La Uni\u00f3n han sido protagonistas durante la primera jornada de la Agenda Cultural de la 63\u00aa edici\u00f3n del Cante de las Minas. Esta ma\u00f1ana se ha celebrado la entrega de premios del I Concurso de Escaparates en el Sal\u00f3n de Plenos del Ayuntamiento de La Uni\u00f3n. Esta nueva iniciativa ha demostrado ser un expositor del talento y creatividad de los comercios locales, que son \u201cel alma del municipio\u201d tal y como ha detallado esta ma\u00f1ana el presidente de la Fundaci\u00f3n Cante de las Minas, Joaqu\u00edn Zapata, haciendo que la ciudad se vista de motivos flamencos y mineros, dando la bienvenida a visitantes y participantes del festival.<\/p>\n<p>El primer premio, dotado con 250 euros para invertir en cualquier comercio asociado a Faepu, ha reca\u00eddo en el establecimiento Mar de Caprichos en el que ha colaborado el artista unionense Dar\u00edo Mart\u00ednez y que luc\u00eda la \u2018L\u00e1mpara Minera\u2019 en su escaparate. El segundo premio, consistente en un acc\u00e9sit y diploma, ha sido para Herbolario La Uni\u00f3n, que ha contado con la colaboraci\u00f3n de la artista \u00c1ngela Aranda y que luc\u00eda el \u2018Desplante Masculino\u2019. El tercer premio ha sido para Regalos Flori Guerrero que luc\u00eda el \u2018Esteban Bernal\u2019.<\/p>\n<p><img fetchpriority=\"high\" decoding=\"async\" class=\"alignnone size-medium wp-image-1368\" src=\"http:\/\/radiounion.es\/wp-content\/uploads\/2024\/08\/RZZ8992-200x300.jpg\" alt=\"\" width=\"200\" height=\"300\" srcset=\"http:\/\/radiounion.es\/wp-content\/uploads\/2024\/08\/RZZ8992-200x300.jpg 200w, http:\/\/radiounion.es\/wp-content\/uploads\/2024\/08\/RZZ8992-681x1024.jpg 681w, http:\/\/radiounion.es\/wp-content\/uploads\/2024\/08\/RZZ8992-768x1154.jpg 768w, http:\/\/radiounion.es\/wp-content\/uploads\/2024\/08\/RZZ8992-1022x1536.jpg 1022w, http:\/\/radiounion.es\/wp-content\/uploads\/2024\/08\/RZZ8992-1363x2048.jpg 1363w, http:\/\/radiounion.es\/wp-content\/uploads\/2024\/08\/RZZ8992-scaled.jpg 1703w\" sizes=\"(max-width: 200px) 100vw, 200px\" \/><\/p>\n<p>El jurado, compuesto por el artista Esteban Bernal Velasco, el fot\u00f3grafo Paco Manzano, la especialista en Bellas Artes, Julia Berm\u00fadez y la arquitecta Sonia Hern\u00e1ndez, y presidido por Carlos Bernab\u00e9, ha evaluado aspectos como la ambientaci\u00f3n tem\u00e1tica, originalidad, montaje, complejidad, est\u00e9tica, creatividad, visibilidad y atractivo comercial. Esta iniciativa no solo ha embellecido la ciudad, sino que ha mostrado el talento de los j\u00f3venes artistas locales y ha dado un impulso al tejido econ\u00f3mico y empresarial del municipio.<\/p>\n<p>Adem\u00e1s, los escaparates que han sido decorados mantendr\u00e1n la iluminaci\u00f3n nocturna durante todo el festival para destacar sus decoraciones.<\/p>\n<p>El Festival Internacional del Cante de las Minas sigue demostrando ser un evento que no solo celebra el arte y la cultura flamenca, sino que tambi\u00e9n fortalece la comunidad y la econom\u00eda local, creando sinergias y colaboraciones que benefician a todo el municipio.<\/p>\n<p>El Festival Internacional del Cante de las Minas est\u00e1 organizado por la Fundaci\u00f3n Cante de las Minas con el respaldo del Ayuntamiento de La Uni\u00f3n, la Comunidad Aut\u00f3noma de la Regi\u00f3n de Murcia, el Instituto de las Industrias Culturales (ICA), Costa C\u00e1lida Regi\u00f3n de Murcia y el Instituto Nacional de las Artes Esc\u00e9nicas y la M\u00fasica del Ministerio de Cultura. Cuenta, adem\u00e1s, con el patrocinio de La Verdad, La7, Repsol, So-La-Na Entertainment, Grupo Elsamex, Fundaci\u00f3n CajaMurcia y Caixabank, Grupo Avanza Servicios, Acciona, El \u00c1guila, Cajamar, Inmesur Levante, Tecsumaga y Suministros Mayor.<\/p>\n","protected":false},"excerpt":{"rendered":"<p>El primer premio ha reca\u00eddo en Mar de Caprichos; el segundo, en Herbolario La Uni\u00f3n y el tercero, en Regalos Flori Guerrero Los comercios de La Uni\u00f3n han sido protagonistas durante la primera jornada de la Agenda Cultural de la 63\u00aa edici\u00f3n del Cante de las Minas. Esta ma\u00f1ana se ha celebrado la entrega de [&hellip;]<\/p>\n","protected":false},"author":2,"featured_media":1369,"comment_status":"open","ping_status":"open","sticky":false,"template":"","format":"standard","meta":{"footnotes":""},"categories":[5],"tags":[],"class_list":["post-1367","post","type-post","status-publish","format-standard","has-post-thumbnail","hentry","category-noticias"],"_links":{"self":[{"href":"http:\/\/radiounion.es\/index.php\/wp-json\/wp\/v2\/posts\/1367","targetHints":{"allow":["GET"]}}],"collection":[{"href":"http:\/\/radiounion.es\/index.php\/wp-json\/wp\/v2\/posts"}],"about":[{"href":"http:\/\/radiounion.es\/index.php\/wp-json\/wp\/v2\/types\/post"}],"author":[{"embeddable":true,"href":"http:\/\/radiounion.es\/index.php\/wp-json\/wp\/v2\/users\/2"}],"replies":[{"embeddable":true,"href":"http:\/\/radiounion.es\/index.php\/wp-json\/wp\/v2\/comments?post=1367"}],"version-history":[{"count":1,"href":"http:\/\/radiounion.es\/index.php\/wp-json\/wp\/v2\/posts\/1367\/revisions"}],"predecessor-version":[{"id":1370,"href":"http:\/\/radiounion.es\/index.php\/wp-json\/wp\/v2\/posts\/1367\/revisions\/1370"}],"wp:featuredmedia":[{"embeddable":true,"href":"http:\/\/radiounion.es\/index.php\/wp-json\/wp\/v2\/media\/1369"}],"wp:attachment":[{"href":"http:\/\/radiounion.es\/index.php\/wp-json\/wp\/v2\/media?parent=1367"}],"wp:term":[{"taxonomy":"category","embeddable":true,"href":"http:\/\/radiounion.es\/index.php\/wp-json\/wp\/v2\/categories?post=1367"},{"taxonomy":"post_tag","embeddable":true,"href":"http:\/\/radiounion.es\/index.php\/wp-json\/wp\/v2\/tags?post=1367"}],"curies":[{"name":"wp","href":"https:\/\/api.w.org\/{rel}","templated":true}]}}