{"id":1371,"date":"2024-08-01T08:49:50","date_gmt":"2024-08-01T06:49:50","guid":{"rendered":"https:\/\/radiounion.es\/?p=1371"},"modified":"2024-08-01T08:49:50","modified_gmt":"2024-08-01T06:49:50","slug":"el-cante-de-las-minas-rinde-homenaje-a-sus-raices-y-sube-al-escenario-el-talento-local","status":"publish","type":"post","link":"http:\/\/radiounion.es\/index.php\/2024\/08\/01\/el-cante-de-las-minas-rinde-homenaje-a-sus-raices-y-sube-al-escenario-el-talento-local\/","title":{"rendered":"El Cante de las Minas rinde homenaje a sus ra\u00edces y sube al escenario el talento local"},"content":{"rendered":"<p><strong>La jornada pr\u00f3logo de la 63\u00aa edici\u00f3n del Festival Internacional llen\u00f3 de recuerdos, m\u00fasica y danza la \u2018Catedral del Cante\u2019<\/strong><\/p>\n<p>Convertir la cultura en un legado conlleva hacer un gui\u00f1o a las ra\u00edces y ser capaces de protegerlas y proyectarlas, para que ese legado siga vivo. En este sentido, el Festival Internacional del Cante de las Minas conoce bien su ra\u00edz, la miner\u00eda, y es consciente de que para perpetuar el arte en el que se ha transformado esta actividad en el municipio hay que poner en valor el talento que surge en esta tierra minera. El D\u00eda de La Uni\u00f3n, la jornada pr\u00f3logo de la 63\u00aa edici\u00f3n del Festival, aun\u00f3 ambos aspectos en una gala que promet\u00eda ser emotiva y en\u00e9rgica a partes iguales.<\/p>\n<p>Los cantes de Levante comenzaron a sonar en la voz de Encarnaci\u00f3n Fern\u00e1ndez en la tradicional misa minera, en la que se acompa\u00f1\u00f3 del guitarrista oficial del Festival y \u2018Bord\u00f3n Minero\u2019 Antonio Mu\u00f1oz. Tras esta, el encendido del P\u00f3rtico ilumin\u00f3 el acceso a la \u2018Avenida del Flamenco\u2019 con sus dos grandes castilletes, y tuvo lugar el corte de cinta a cargo del presidente de la Fundaci\u00f3n Cante de las Minas, Joaqu\u00edn Zapata, tras el que se hizo un recorrido por los diferentes estands situados en la Plaza Joaqu\u00edn Costa.<\/p>\n<p>Pasadas las 22h, la \u2018Catedral del Cante\u2019 volvi\u00f3 a mostrar la escenograf\u00eda de Esteban Bernal para adentrarse en la 63 edici\u00f3n, con el tradicional homenaje al Minero y la Viuda del Minero, que recibieron Juan Santiesteban y Carmela L\u00f3pez respectivamente. \u201cEsta placa que me entregan va en memoria de todos los mineros de La Uni\u00f3n, de quienes murieron en la mina y quienes sufrieron accidentes y los que se retiraron y sufrieron de la silicosis\u201d, dec\u00eda emocionada Carmela tras recibir la distinci\u00f3n de manos del alcalde de La Uni\u00f3n.<\/p>\n<p>No fue la \u00fanica alusi\u00f3n a esta tierra minera, su actividad y sus cantes, porque la voz de Encarnaci\u00f3n Fern\u00e1ndez, doble \u2018L\u00e1mpara Minera\u2019, son\u00f3 en este templo por canti\u00f1as, tarantos, tientos-tangos y garrot\u00edn.<\/p>\n<p>&nbsp;<\/p>\n<p><strong>M\u00fasica orquestal y canto coral<\/strong><\/p>\n<p>Tras esta conexi\u00f3n con el origen del Festival, el talento de la Sierra Minera ocup\u00f3 el escenario de la \u2018Catedral del Cante\u2019 con la Agrupaci\u00f3n Musical La Uni\u00f3n, dirigidos por Luis Gonz\u00e1lez Mar\u00edn, interpretando el pasodoble \u2018M\u00fasica y vino\u2019, seguido por un recorrido por los diferentes cuadros de Espa\u00f1a poniendo en valor el folclore con \u2018Portraits of Spain\u2019 y finalizando con \u2018La Boda de Luis Alonso\u2019 en colaboraci\u00f3n con Artedanza a ritmo de zarzuela, siendo la primera vez de esta colaboraci\u00f3n en este escenario. Y como la uni\u00f3n hace la fuerza, tambi\u00e9n les acompa\u00f1\u00f3 la Coral Argentum, dirigida por Bernardo S\u00e1ez, para interpretar el Himno de La Uni\u00f3n, pieza que estrenaron conjuntamente en el a\u00f1o 2006.<\/p>\n<p>Como broche final, las alumnas de la Escuela ArteDanza, dirigidas por Mar\u00eda Elena Lorente Corvi, interpretaron \u2018D\u2019Paco&#8217;, una pieza musical de Alejandro Solano (\u2018Fil\u00f3n\u2019 2019) dedicada a Paco de Luc\u00eda, y \u2018A Morente\u2019, m\u00fasica de Miguel Poveda dedicada a Enrique Morente.<\/p>\n<p>La Madrug\u00e1 llegaba al nuevo Caf\u00e9 Cantante, con el patrocinio de Sistecarp, con el premio \u2018Desplante\u2019 masculino de la pasada edici\u00f3n, Yoel Vargas, que bail\u00f3 por tarantos.<\/p>\n<p>&nbsp;<\/p>\n<p>&nbsp;<\/p>\n<p><strong>Jornada inaugural<\/strong><\/p>\n<p><strong>\u00a0<\/strong>Hoy, 1 de agosto, comienza la jornada inaugural del Cante de las Minas. Y comienza por todo lo alto, con Miguel Poveda a cargo del preg\u00f3n inaugural, el Hijo Adoptivo del municipio, ganador de la \u2018L\u00e1mpara Minera en el a\u00f1o 1993, quien se encargar\u00e1 de dar el pistoletazo de salida a la 63\u00aa edici\u00f3n del Festival Internacional del Cante de las Minas. Posteriormente tendr\u00e1 lugar la Gala de Ganadores del a\u00f1o 2023, con la actuaci\u00f3n de trovos a cargo de los ganadores del V Certamen del Trovo \u2018Pascual Garc\u00eda Mateos\u2019, y la gala flamenca con las actuaciones de Roc\u00edo Luna (\u2018L\u00e1mpara Minera\u2019), Juan Luis campos Trigueros \u2018El Poti\u2019 (\u2018Bord\u00f3n Minero\u2019), Roc\u00edo Garrido (\u2018Desplante\u2019 Femenino), Yoel Vargas (\u2018Desplante\u2019 Masculino) y Ra\u00fal P\u00e9rez (\u2018Fil\u00f3n\u2019).<\/p>\n<p>Por la tarde, a las 19:30 horas, tendr\u00e1 lugar la presentaci\u00f3n de la revista \u2018L\u00e1mpara Minera\u2019, a cargo de Lydia Mart\u00edn, jefa de Prensa y presentadora del Festival. El acto tendr\u00e1 lugar en el Sal\u00f3n de Actos de la Casa del Pi\u00f1\u00f3n. Posteriormente, a las 20:15, se desvelar\u00e1 la escultura donada por Antonio Niebla a la ciudad de La Uni\u00f3n, con la inauguraci\u00f3n de la entrada de artistas, que lleva su nombre, y el descubrimiento de una placa conmemorativa en la \u2018Avenida del Flamenco\u2019. Por \u00faltimo, el cantaor Antonio Jos\u00e9 Nieto Fern\u00e1ndez, acompa\u00f1ado a la guitarra por Antonio Mu\u00f1oz Fern\u00e1ndez, protagonizar\u00e1n la \u2018madrug\u00e1 flamenca\u2019 en \u2018El Almacen\u2019 Loungue-Bar, patrocinada por Min La Uni\u00f3n.<\/p>\n","protected":false},"excerpt":{"rendered":"<p>La jornada pr\u00f3logo de la 63\u00aa edici\u00f3n del Festival Internacional llen\u00f3 de recuerdos, m\u00fasica y danza la \u2018Catedral del Cante\u2019 Convertir la cultura en un legado conlleva hacer un gui\u00f1o a las ra\u00edces y ser capaces de protegerlas y proyectarlas, para que ese legado siga vivo. En este sentido, el Festival Internacional del Cante de [&hellip;]<\/p>\n","protected":false},"author":2,"featured_media":1372,"comment_status":"open","ping_status":"open","sticky":false,"template":"","format":"standard","meta":{"footnotes":""},"categories":[5],"tags":[],"class_list":["post-1371","post","type-post","status-publish","format-standard","has-post-thumbnail","hentry","category-noticias"],"_links":{"self":[{"href":"http:\/\/radiounion.es\/index.php\/wp-json\/wp\/v2\/posts\/1371","targetHints":{"allow":["GET"]}}],"collection":[{"href":"http:\/\/radiounion.es\/index.php\/wp-json\/wp\/v2\/posts"}],"about":[{"href":"http:\/\/radiounion.es\/index.php\/wp-json\/wp\/v2\/types\/post"}],"author":[{"embeddable":true,"href":"http:\/\/radiounion.es\/index.php\/wp-json\/wp\/v2\/users\/2"}],"replies":[{"embeddable":true,"href":"http:\/\/radiounion.es\/index.php\/wp-json\/wp\/v2\/comments?post=1371"}],"version-history":[{"count":1,"href":"http:\/\/radiounion.es\/index.php\/wp-json\/wp\/v2\/posts\/1371\/revisions"}],"predecessor-version":[{"id":1373,"href":"http:\/\/radiounion.es\/index.php\/wp-json\/wp\/v2\/posts\/1371\/revisions\/1373"}],"wp:featuredmedia":[{"embeddable":true,"href":"http:\/\/radiounion.es\/index.php\/wp-json\/wp\/v2\/media\/1372"}],"wp:attachment":[{"href":"http:\/\/radiounion.es\/index.php\/wp-json\/wp\/v2\/media?parent=1371"}],"wp:term":[{"taxonomy":"category","embeddable":true,"href":"http:\/\/radiounion.es\/index.php\/wp-json\/wp\/v2\/categories?post=1371"},{"taxonomy":"post_tag","embeddable":true,"href":"http:\/\/radiounion.es\/index.php\/wp-json\/wp\/v2\/tags?post=1371"}],"curies":[{"name":"wp","href":"https:\/\/api.w.org\/{rel}","templated":true}]}}