{"id":1374,"date":"2024-08-02T08:44:49","date_gmt":"2024-08-02T06:44:49","guid":{"rendered":"https:\/\/radiounion.es\/?p=1374"},"modified":"2024-08-02T08:44:49","modified_gmt":"2024-08-02T06:44:49","slug":"poveda-anuncia-que-grabara-un-disco-de-cantes-mineros-en-homenaje-a-la-union","status":"publish","type":"post","link":"http:\/\/radiounion.es\/index.php\/2024\/08\/02\/poveda-anuncia-que-grabara-un-disco-de-cantes-mineros-en-homenaje-a-la-union\/","title":{"rendered":"Poveda anuncia que grabar\u00e1 un disco de cantes mineros en homenaje a La Uni\u00f3n"},"content":{"rendered":"<p><strong>El cantaor resalt\u00f3 emocionado en el preg\u00f3n inaugural de la 63\u00aa edici\u00f3n del Festival que quiere dejar como regalo su \u201camor y gratitud en forma de voz minera\u201d, y lo har\u00e1 acompa\u00f1ado del guitarrista Juan Ram\u00f3n Caro, abriendo el proyecto a otros guitarristas de la tierra<\/strong><\/p>\n<p><strong>Durante el acto se reunieron en el escenario, como dos viejos amigos, Poveda y Caro, interpretando una minera que recoge su experiencia conjunta en 1993, cuando se alz\u00f3 con la \u2018L\u00e1mpara Minera\u2019<\/strong><\/p>\n<p><strong>Los ganadores del concurso y del V Certamen Internacional de Trovo Pascual se subieron al escenario de la \u2018Catedral del Cante\u2019 en una gala que inaugur\u00f3 oficialmente esta nueva edicion<\/strong><\/p>\n<p>\u201cQu\u00e9 bendici\u00f3n nacer en uno de los festivales m\u00e1s importantes y m\u00e1gicos del mundo\u201d. Con estas palabras, un Miguel Poveda emocionado recordaba ayer, durante el preg\u00f3n de la 63\u00aa edici\u00f3n del Festival Internacional del Cante de las Minas, sus inicios art\u00edsticos, que suman 31 a\u00f1os desde que la \u2018L\u00e1mpara Minera\u2019, el m\u00e1ximo galard\u00f3n al cante, llegara a sus manos. M\u00e1s all\u00e1 de la emoci\u00f3n, no dud\u00f3 en afirmar que estaba \u201cen familia, en casa\u201d, y que esperaba que el p\u00fablico recibiera sus palabras con la sinceridad con la que brotaban.<\/p>\n<p>El agradecimiento a La Uni\u00f3n se palpaba en su voz, que habl\u00f3 de un destino que le trajo hasta esta tierra minera: \u201cSiendo nieto y sobrino de mineros, hijo de padre murciano, esta tierra ten\u00eda preparado para m\u00ed algo que cambiar\u00eda el rumbo de mi vida\u201d, afirm\u00f3. As\u00ed, lo que fue para \u00e9l un trampol\u00edn al mundo, el concurso de este Festival, signific\u00f3 \u201csellar desde lo m\u00e1s profundo del coraz\u00f3n un compromiso firme con la conservaci\u00f3n y divulgaci\u00f3n de estos cantes y toques mineros\u201d. Por eso ha llevado estos cantes all\u00ed por donde ha ido en estas m\u00e1s de tres d\u00e9cadas dedicadas al flamenco.<\/p>\n<p>Poveda aprovech\u00f3 el momento para anunciar una idea que llevaba tiempo fragu\u00e1ndose en su cabeza. Y lo dijo en voz alta, demostrando un compromiso firme: grabar\u00e1 un disco \u00edntegro de cantes mineros junto al guitarrista Juan Ram\u00f3n Caro y otros artistas del toque de esta tierra que quieran acompa\u00f1arle. Se trata de un regalo que se hace a \u00e9l mismo y hace a la Fundaci\u00f3n Cante de las Minas para dejar su \u201camor y gratitud en forma de voz minera\u201d. \u201cYa es hora de que le devuelva a uno de los festivales de arte m\u00e1s importantes y emocionantes del planeta, todo el amor y la ense\u00f1anza que me ha otorgado a lo largo de los a\u00f1os\u201d, a\u00f1adi\u00f3 entre los aplausos de la \u2018Catedral del Cante\u2019.<\/p>\n<p>Afirm\u00f3, adem\u00e1s, verse preparado para hacer lo que el maestro Pencho Cros o Antonio Pi\u00f1ana hicieron con \u00e9l y ense\u00f1ar a los cantaores j\u00f3venes que acuden hasta \u00e9l estos cantes mineros. \u201cYa me siento preparado y en plena madurez personal y art\u00edstica para afrontar desde el m\u00e1s absoluto rigor y dedicaci\u00f3n el registro de algunos de los cantes mineros que no deben perderse y as\u00ed dejar registrada mi voz que tiene algo de minera y murciana para futuras generaciones\u201d, afirm\u00f3.<\/p>\n<p>Recordando su historia, llam\u00f3 al escenario a Juan Ram\u00f3n Caro, guitarrista flamenco que le acompa\u00f1\u00f3 cuando gan\u00f3 la \u2018L\u00e1mpara Minera\u2019, para convertir el preg\u00f3n en un encuentro de dos viejos amigos que hicieron volver a La Uni\u00f3n 31 a\u00f1os atr\u00e1s con sus palabras. Pero tambi\u00e9n con m\u00fasica, porque interpretaron la minera que Caro ha recogido en su \u00faltimo disco para completar ese recuerdo ante la ovaci\u00f3n del p\u00fablico.<\/p>\n<p>No quiso terminar el preg\u00f3n sin transmitir a los participantes del concurso del Cante de las Minas la \u201cimportancia de bucear hasta las entra\u00f1as de la idiosincrasia de esta regi\u00f3n cantaora, entender el nacimiento de estas letras y melod\u00edas y entregarse a ellas como si de nuestra familia nos hablaran\u201d. \u00a0Tambi\u00e9n remarc\u00f3 que \u00abel Festival debe ser un lugar de culto a quienes tambi\u00e9n perdieron su vida y la entregaron sin ver apenas la luz del sol\u201d. \u201cCada \u2018L\u00e1mpara Minera\u2019 debe ser una luz que ilumine el camino de todas esas almas que desde donde est\u00e9n nos mandan su energ\u00eda para seguir iluminando este lugar que es ya referencia en el mundo\u201d, concluy\u00f3.<\/p>\n<p>El presidente de la Fundaci\u00f3n Cante de las Minas, Joaqu\u00edn Zapata, entreg\u00f3 una distinci\u00f3n en recuerdo de su preg\u00f3n y una litograf\u00eda del cartel anunciador de esta edici\u00f3n de Jaume Plensa, agradeciendo la \u201cantolog\u00eda\u201d que brind\u00f3 a La Uni\u00f3n y remarcando el car\u00e1cter hist\u00f3rico de este preg\u00f3n, a cargo del que ya define como \u201cun unionense\u201d.<\/p>\n<p>&nbsp;<\/p>\n<p><strong>Gala de Ganadores<\/strong><\/p>\n<p>El trovo inicio la Gala de Ganadores por primera vez desde que se puso en marcha el Certamen Internacional de Trovos \u2018Pascual Garc\u00eda Mateos\u2019. As\u00ed, Tom\u00e1s Parra y Miguel \u00c1ngel S\u00e1nchez \u2018El Marqu\u00e9s\u2019 se arrancaron por controversias dedicando versos a La Uni\u00f3n y al Cante de las Minas y demostrando que el trovo tiene cantera.<\/p>\n<p>Los ganadores del concurso del Cante de las Minas empezaron a subirse al escenario de la \u2018Catedral del Cante\u2019 minutos despu\u00e9s. Abri\u00f3 el pianista cartagenero Ra\u00fal P\u00e9rez Fern\u00e1ndez, que interpret\u00f3 la taranta que le hizo ganador, junto a una sole\u00e1 y jaleos extreme\u00f1os, acompa\u00f1ado por \u2018Dieguino\u2019 a la percusi\u00f3n, Mamen Fern\u00e1ndez al cante y Guillermo Ojados a las palmas. M\u00e1s tarde se subi\u00f3 al escenario para acompa\u00f1ar a Juan Luis Campos \u2018El Poti\u2019, \u2018Bord\u00f3n Minero\u2019 2023, con una grana\u00edna. El guitarrista complet\u00f3 con zambra y taranta.<\/p>\n<p>Con Manuel Pajares al cante, Javier Conde a la guitarra y Carmen Moreno al comp\u00e1s, Yoel Vargas, \u2018Desplante\u2019 masculino de la pasada edici\u00f3n, deslumbr\u00f3 por farruca y alegr\u00edas. Su hom\u00f3nima en la categor\u00eda femenina, Roc\u00edo Garrido, bail\u00f3 por taranto y sole\u00e1 con el cuadro flamenco que conformaban David Caro a la guitarra, Ismael de la Rosa al cante y Oruco a las palmas.<\/p>\n<p>\u201cSoy muy feliz por volver aqu\u00ed, pero a la vez me produce mucho respeto\u201d. As\u00ed confesaba Roc\u00edo Luna, actual \u2018L\u00e1mpara Minera\u2019, sus emociones al volver al templo que la hizo ganadora del m\u00e1ximo reconocimiento al cante. Empez\u00f3 con \u2018Aunque es de noche\u2019, de San Juan de la Cruz, haciendo un gui\u00f1o a Enrique Morente, y continu\u00f3 por mineras y taranta. \u201cHa sido un a\u00f1o incre\u00edble. La \u2018L\u00e1mpara Minera\u2019 me ha dado muchas cosas buenas y para siempre va a ser una alegr\u00eda y una ilusi\u00f3n pisar este escenario\u201d, agradec\u00eda la cantaora.<\/p>\n<p>&nbsp;<\/p>\n<p><strong>Programa para hoy<\/strong><\/p>\n<p>Miguel Poveda vuelve a subirse al escenario de la \u2018Catedral del Cante\u2019. Ma\u00f1ana comienzan las galas flamencas de la 63\u00aa edici\u00f3n del Festival Internacional del Cante de las Minas, y Miguel Poveda presenta su espect\u00e1culo \u2018Poema del Cante Jondo\u2019, a las 23:00 horas en el Antiguo Mercado P\u00fablico. Y como broche a la primera noche de galas flamencas, la \u2018madrug\u00e1\u2019 posterior tendr\u00e1 lugar en el Restaurante \u2018el Vinagrero\u2019, a cargo de la cantaora Roc\u00edo Luna, ganadora de la \u2018L\u00e1mpara Minera\u2019 el a\u00f1o pasado. Esta \u2018madrug\u00e1\u2019 la patrocina el Grupo Avanza Servicios.<\/p>\n<p>En el marco de la Agenda Cultural, a las 20:00 horas en el sal\u00f3n de Actos de la Casa del Pi\u00f1\u00f3n, tendremos la entrega del \u2018Castillete de Oro\u2019 a la actriz Hiba Abouk, que recibir\u00e1 este galard\u00f3n y participar\u00e1 en una tertulia con el periodista y escritor Juna Ram\u00f3n Lucas. Tambi\u00e9n se otorgar\u00e1 la \u2018Medalla de Oro del Festival\u2019 al Senado del Reino de Espa\u00f1a, que recoger\u00e1 su presidente, D. Pedro Roll\u00e1n.<\/p>\n","protected":false},"excerpt":{"rendered":"<p>El cantaor resalt\u00f3 emocionado en el preg\u00f3n inaugural de la 63\u00aa edici\u00f3n del Festival que quiere dejar como regalo su \u201camor y gratitud en forma de voz minera\u201d, y lo har\u00e1 acompa\u00f1ado del guitarrista Juan Ram\u00f3n Caro, abriendo el proyecto a otros guitarristas de la tierra Durante el acto se reunieron en el escenario, como [&hellip;]<\/p>\n","protected":false},"author":2,"featured_media":1375,"comment_status":"open","ping_status":"open","sticky":false,"template":"","format":"standard","meta":{"footnotes":""},"categories":[5],"tags":[],"class_list":["post-1374","post","type-post","status-publish","format-standard","has-post-thumbnail","hentry","category-noticias"],"_links":{"self":[{"href":"http:\/\/radiounion.es\/index.php\/wp-json\/wp\/v2\/posts\/1374","targetHints":{"allow":["GET"]}}],"collection":[{"href":"http:\/\/radiounion.es\/index.php\/wp-json\/wp\/v2\/posts"}],"about":[{"href":"http:\/\/radiounion.es\/index.php\/wp-json\/wp\/v2\/types\/post"}],"author":[{"embeddable":true,"href":"http:\/\/radiounion.es\/index.php\/wp-json\/wp\/v2\/users\/2"}],"replies":[{"embeddable":true,"href":"http:\/\/radiounion.es\/index.php\/wp-json\/wp\/v2\/comments?post=1374"}],"version-history":[{"count":1,"href":"http:\/\/radiounion.es\/index.php\/wp-json\/wp\/v2\/posts\/1374\/revisions"}],"predecessor-version":[{"id":1376,"href":"http:\/\/radiounion.es\/index.php\/wp-json\/wp\/v2\/posts\/1374\/revisions\/1376"}],"wp:featuredmedia":[{"embeddable":true,"href":"http:\/\/radiounion.es\/index.php\/wp-json\/wp\/v2\/media\/1375"}],"wp:attachment":[{"href":"http:\/\/radiounion.es\/index.php\/wp-json\/wp\/v2\/media?parent=1374"}],"wp:term":[{"taxonomy":"category","embeddable":true,"href":"http:\/\/radiounion.es\/index.php\/wp-json\/wp\/v2\/categories?post=1374"},{"taxonomy":"post_tag","embeddable":true,"href":"http:\/\/radiounion.es\/index.php\/wp-json\/wp\/v2\/tags?post=1374"}],"curies":[{"name":"wp","href":"https:\/\/api.w.org\/{rel}","templated":true}]}}