{"id":1384,"date":"2024-08-21T08:31:07","date_gmt":"2024-08-21T06:31:07","guid":{"rendered":"https:\/\/radiounion.es\/?p=1384"},"modified":"2024-08-21T08:31:53","modified_gmt":"2024-08-21T06:31:53","slug":"daviles-de-novelda-omar-montes-me-cambio-la-vida","status":"publish","type":"post","link":"http:\/\/radiounion.es\/index.php\/2024\/08\/21\/daviles-de-novelda-omar-montes-me-cambio-la-vida\/","title":{"rendered":"Daviles de Novelda: \u201cOmar Montes me cambi\u00f3 la vida\u201d"},"content":{"rendered":"<p>A sus 25 a\u00f1os,\u00a0Daviles de Novelda\u00a0ha revolucionado el panorama musical de nuestro pa\u00eds con su\u00a0\u2018Flamencotr\u00f3n\u2019, un t\u00e9rmino que resume la fusi\u00f3n de flamenco con otros g\u00e9neros urbanos. En el curr\u00edculum de este exitoso cantante, compositor y productor, constan colaboraciones con estrellas como\u00a0C. Tangana,\u00a0Cali y El Dandee, Omar Montes y Becky G.<\/p>\n<p>La vida de\u00a0Daviles de Novelda\u00a0ha dado un giro de 180\u00ba en los \u00faltimos 5 a\u00f1os. Si bien siempre so\u00f1\u00f3 con dedicarse a la m\u00fasica, jam\u00e1s imagin\u00f3 todo lo que est\u00e1 viviendo.<\/p>\n<p><em>\u201cHa sido todo paso a paso, siempre he tenido claro que quer\u00eda dedicarme a la m\u00fasica y vivir de esto, mejor o peor, pero quer\u00eda estar en este mundo y ahora que he despegado ya no se para. Bueno, es que, aunque quisiera parar, ya no puedo.\u00a0<\/em><\/p>\n<p><em>\u00abEsto es realmente incre\u00edble. La verdad es que soy muy feliz\u201d.<\/em><\/p>\n<p><em>\u201cEn casa me regalaron una guitarra con 7 a\u00f1os, mi padre me ense\u00f1\u00f3 lo b\u00e1sico y yo me lanc\u00e9. Me apuntaron a clases de guitarra, pero estuve poco tiempo porque eran lecciones muy elementales. De hecho, el profesor le dijo de broma a mi padre:\u00a0\u2018ll\u00e9velo usted a otro sitio que tenga m\u00e1s nivel, que aqu\u00ed s\u00f3lo puede quitarme el sitio\u2018\u201d.<\/em><\/p>\n<p><em>\u201cS\u00e9 que har\u00e9 fusi\u00f3n con muchos estilos, pero el flamenco siempre estar\u00e1 presente en mis canciones, porque esa es mi esencia. Yo puedo usar ritmos urbanos, pero yo tengo ese pellizquito flamenco que es inconfundible y que no puedo perder, porque forma parte de m\u00ed\u201d.<\/em><\/p>\n<p><em>\u00abYo he sido fan de Camar\u00f3n, que ha sido un innovador, y yo creo que si \u00e9l viviera, disfrutar\u00eda mucho viendo como fusionamos el flamenco con otros g\u00e9neros, lo que hace que el flamenco llegue a las nuevas generaciones\u201d.<\/em><\/p>\n<p><iframe title=\"Daviles de Novelda - Mi ni\u00f1o Juan (Video Oficial)\" width=\"800\" height=\"450\" src=\"https:\/\/www.youtube.com\/embed\/PHrlsKh3wd8?feature=oembed\" frameborder=\"0\" allow=\"accelerometer; autoplay; clipboard-write; encrypted-media; gyroscope; picture-in-picture; web-share\" referrerpolicy=\"strict-origin-when-cross-origin\" allowfullscreen><\/iframe><\/p>\n<p>Uno de sus grandes temas,\u00a0\u2018Flamenco y Bachata\u2019, acumula ya m\u00e1s de\u00a080 millones de reproducciones.\u00a0<em>\u201cEsta canci\u00f3n marc\u00f3 un antes y un despu\u00e9s en mi carrera, es a partir de aqu\u00ed cuando empiezo a tener m\u00e1s conciertos y festivales\u201d.<\/em><\/p>\n<p>Daviles\u00a0sabe que es de bien nacido ser agradecido, y confiesa que\u00a0Omar Montes\u00a0fue el responsable de su despegue musical.<\/p>\n<p>Daviles de Novelda\u00a0presenta nueva canci\u00f3n que, a buen seguro, pasar\u00e1 a ampliar su gran lista de \u00e9xitos.\u00a0\u2018Coraz\u00f3n Part\u00edo\u2019\u00a0supone una vuelta a sus ra\u00edces flamencas.<\/p>\n<p>Fuente: RadioOl\u00e9<\/p>\n","protected":false},"excerpt":{"rendered":"<p>A sus 25 a\u00f1os,\u00a0Daviles de Novelda\u00a0ha revolucionado el panorama musical de nuestro pa\u00eds con su\u00a0\u2018Flamencotr\u00f3n\u2019, un t\u00e9rmino que resume la fusi\u00f3n de flamenco con otros g\u00e9neros urbanos. En el curr\u00edculum de este exitoso cantante, compositor y productor, constan colaboraciones con estrellas como\u00a0C. Tangana,\u00a0Cali y El Dandee, Omar Montes y Becky G. La vida de\u00a0Daviles de [&hellip;]<\/p>\n","protected":false},"author":2,"featured_media":1385,"comment_status":"open","ping_status":"open","sticky":false,"template":"","format":"standard","meta":{"footnotes":""},"categories":[5],"tags":[],"class_list":["post-1384","post","type-post","status-publish","format-standard","has-post-thumbnail","hentry","category-noticias"],"_links":{"self":[{"href":"http:\/\/radiounion.es\/index.php\/wp-json\/wp\/v2\/posts\/1384","targetHints":{"allow":["GET"]}}],"collection":[{"href":"http:\/\/radiounion.es\/index.php\/wp-json\/wp\/v2\/posts"}],"about":[{"href":"http:\/\/radiounion.es\/index.php\/wp-json\/wp\/v2\/types\/post"}],"author":[{"embeddable":true,"href":"http:\/\/radiounion.es\/index.php\/wp-json\/wp\/v2\/users\/2"}],"replies":[{"embeddable":true,"href":"http:\/\/radiounion.es\/index.php\/wp-json\/wp\/v2\/comments?post=1384"}],"version-history":[{"count":2,"href":"http:\/\/radiounion.es\/index.php\/wp-json\/wp\/v2\/posts\/1384\/revisions"}],"predecessor-version":[{"id":1387,"href":"http:\/\/radiounion.es\/index.php\/wp-json\/wp\/v2\/posts\/1384\/revisions\/1387"}],"wp:featuredmedia":[{"embeddable":true,"href":"http:\/\/radiounion.es\/index.php\/wp-json\/wp\/v2\/media\/1385"}],"wp:attachment":[{"href":"http:\/\/radiounion.es\/index.php\/wp-json\/wp\/v2\/media?parent=1384"}],"wp:term":[{"taxonomy":"category","embeddable":true,"href":"http:\/\/radiounion.es\/index.php\/wp-json\/wp\/v2\/categories?post=1384"},{"taxonomy":"post_tag","embeddable":true,"href":"http:\/\/radiounion.es\/index.php\/wp-json\/wp\/v2\/tags?post=1384"}],"curies":[{"name":"wp","href":"https:\/\/api.w.org\/{rel}","templated":true}]}}