{"id":1391,"date":"2024-08-21T08:40:25","date_gmt":"2024-08-21T06:40:25","guid":{"rendered":"https:\/\/radiounion.es\/?p=1391"},"modified":"2024-08-21T08:41:56","modified_gmt":"2024-08-21T06:41:56","slug":"el-cante-de-las-minas-2024-consigue-cifras-de-record","status":"publish","type":"post","link":"http:\/\/radiounion.es\/index.php\/2024\/08\/21\/el-cante-de-las-minas-2024-consigue-cifras-de-record\/","title":{"rendered":"El Cante de las Minas 2024 consigue cifras de r\u00e9cord"},"content":{"rendered":"<p><strong>El Festival Internacional registra en su 63\u00aa edici\u00f3n 25,4 millones de euros de impacto econ\u00f3mico (AVE), frente a su \u00faltima mejor cifra, que consigui\u00f3 en la anterior edici\u00f3n con 11,3 millones<\/strong><\/p>\n<p><strong>M\u00e1s de 5.500 art\u00edculos han hecho referencia al Cante de las Minas desde que empez\u00f3 el a\u00f1o, que han llegado a una audiencia de cerca de 4.000 millones de usuarios<\/strong><\/p>\n<p><strong>\u201cNuestra promesa era que el Cante de las Minas volviera a ser el epicentro del flamenco a nivel mundial y los datos demuestran que hemos cumplido el objetivo\u201d, se\u00f1ala el presidente de la Fundaci\u00f3n Cante de las Minas, Joaqu\u00edn Zapata<\/strong><\/p>\n<p>El Festival Internacional del Cante de las Minas promet\u00eda hacer historia en este 2024 y as\u00ed lo ha demostrado al cierre de su 63\u00aa edici\u00f3n. Ya se anunci\u00f3 antes de dar comienzo esta nueva edici\u00f3n que se hab\u00edan superado los datos al cierre de la 62\u00aa. Ahora, una semana despu\u00e9s de la gran final, ya se puede afirmar que se trata del Festival m\u00e1s medi\u00e1tica de su historia, batiendo todos los r\u00e9cords desde que se tienen registros.<\/p>\n<p>Frente a los 11,3 millones de euros de impacto econ\u00f3mico en valor publicitario (AVE) del a\u00f1o pasado, cuando se registraron las cifras m\u00e1s altas de su historia, este a\u00f1o los datos recopilados por Kantar Media \u2013 Onclusive son de 25,4 millones, lo que supone un aumento del 124,78%; es decir, se ha duplicado el r\u00e9cord hist\u00f3rico del Festival.<\/p>\n<p>En cuanto a n\u00famero de usuarios, son 3.910 millones de usuarios los que han estado en contacto con noticias del Festival, frente a los 1.910 millones de su predecesor, lo que supone un incremento del 104.71%. En n\u00famero de art\u00edculos, se pasa de 4.340 a 5.500, es decir, 1.160 art\u00edculos m\u00e1s.<\/p>\n<p>Destaca en todo esto la atenci\u00f3n de los medios nacionales a lo que sucede en La Uni\u00f3n, recuperando grandes cabeceras y secciones de informativos, especialmente interesados ante las entregas de los \u2018Castillete de Oro\u2019 y los finalistas y ganadores del concurso. El d\u00eda de mayor impacto fue el 11 de agosto, cuando los medios de comunicaci\u00f3n contaban a sus audiencias qui\u00e9nes hab\u00edan ganado los m\u00e1ximos galardones del Festival, seguido de la visita de Omar Montes a La Uni\u00f3n.<\/p>\n<p>\u201cNuestra promesa era que el Cante de las Minas volviera a ser el epicentro del flamenco a nivel mundial y los datos demuestran que hemos cumplido el objetivo\u201d, se\u00f1ala el presidente de la Fundaci\u00f3n Cante de las Minas, Joaqu\u00edn Zapata. Destaca, adem\u00e1s, que se ha batido el r\u00e9cord de venta de entradas, con la \u2018Catedral del Cante\u2019 llena pr\u00e1cticamente todas las noches del Festival. El \u00e9xito de las \u2018madrug\u00e1s\u2019 tambi\u00e9n se ha podido comprobar con aforos llenos noche tras noche durante las 10 jornadas que finalmente se celebraron y que reunieron a la afici\u00f3n en torno al flamenco hasta altas horas.<\/p>\n<p>Tambi\u00e9n se ha notado el aumento de visitantes a La Uni\u00f3n por estas fechas, con la ocupaci\u00f3n hotelera al 100%, revirtiendo tambi\u00e9n positivamente en la econom\u00eda de las localidades lim\u00edtrofes. Los propios restaurantes han llenado sus salones y terrazas durante estos 11 d\u00edas del Festival, donde ha habido un men\u00fa especial para que la gastronom\u00eda sume a la experiencia en la Taberna Tienda de Solita.<\/p>\n<p>&nbsp;<\/p>\n<p><strong>Nuevas audiencias<\/strong><\/p>\n<p><strong>\u00a0<\/strong>Las redes sociales se han convertido en un canal con cada vez m\u00e1s peso a la hora de comunicar todo lo que pasa durante el Festival y atraer, adem\u00e1s, nuevas audiencias. En este sentido, y gracias a las etiquetas de colaboraci\u00f3n con las diferentes personalidades que han pisado La Uni\u00f3n con motivo del Cante de las Minas, Instagram -adem\u00e1s de la p\u00e1gina web oficial-, se ha convertido en uno de los medios m\u00e1s recurridos a la hora de descubrir lo que estaba sucediendo, mostr\u00e1ndose adem\u00e1s en cuentas de algunos influencers de la cultura de nuestro pa\u00eds.<\/p>\n<p>En este sentido, el rendimiento acumulado desde el mes de enero es de 985,92 mil, un 949,1% m\u00e1s que el pasado a\u00f1o, con 1298 mil interacciones y m\u00e1s de 1.600 nuevos seguidores en Instagram, frente a los 1.300 nuevos en Facebook. Se trata de cifras org\u00e1nicas, ajenas a cualquier tipo de inversi\u00f3n publicitaria. En cuanto a interacciones con el contenido, seg\u00fan los datos de Meta Business Suite, las interacciones en IG se registran en 114,2 mil, superior al 17,4 mil de media de la \u2018app\u2019, en comparativa de p\u00e1ginas similares en contenido.<\/p>\n<p>\u201cEn conjunto, estos datos vienen a demostrar que la apuesta por tener flamenco todo el a\u00f1o y una comunicaci\u00f3n constante hace que el Cante de las Minas deje de ser un evento de verano, para ser un impulso cultural de este municipio minero los 365 d\u00edas, haciendo que este legado siga perpetuando dentro y fuera de nuestras fronteras\u201d, concluye Zapata.<\/p>\n<p>&nbsp;<\/p>\n<p>El Festival Internacional del Cante de las Minas est\u00e1 organizado por la Fundaci\u00f3n Cante de las<\/p>\n<p>Minas con el respaldo del Ayuntamiento de La Uni\u00f3n, la Comunidad Aut\u00f3noma de la Regi\u00f3n de<\/p>\n<p>Murcia, el Instituto de las Industrias Culturales (ICA), Costa C\u00e1lida Regi\u00f3n de Murcia y el Instituto<\/p>\n<p>Nacional de las Artes Esc\u00e9nicas y la M\u00fasica del Ministerio de Cultura. Cuenta, adem\u00e1s, con el<\/p>\n<p>patrocinio de La Verdad, La7, Repsol, So-La-Na Entertainment, Grupo Elsamex, Fundaci\u00f3n<\/p>\n<p>CajaMurcia y Caixabank, Grupo Avanza Servicios, Acciona, Cajamar, Inmesur Levante, Cerveza El \u00c1guila, Tecsumaga y Suministros Mayor.<\/p>\n","protected":false},"excerpt":{"rendered":"<p>El Festival Internacional registra en su 63\u00aa edici\u00f3n 25,4 millones de euros de impacto econ\u00f3mico (AVE), frente a su \u00faltima mejor cifra, que consigui\u00f3 en la anterior edici\u00f3n con 11,3 millones M\u00e1s de 5.500 art\u00edculos han hecho referencia al Cante de las Minas desde que empez\u00f3 el a\u00f1o, que han llegado a una audiencia de [&hellip;]<\/p>\n","protected":false},"author":2,"featured_media":1393,"comment_status":"open","ping_status":"open","sticky":false,"template":"","format":"standard","meta":{"footnotes":""},"categories":[5],"tags":[],"class_list":["post-1391","post","type-post","status-publish","format-standard","has-post-thumbnail","hentry","category-noticias"],"_links":{"self":[{"href":"http:\/\/radiounion.es\/index.php\/wp-json\/wp\/v2\/posts\/1391","targetHints":{"allow":["GET"]}}],"collection":[{"href":"http:\/\/radiounion.es\/index.php\/wp-json\/wp\/v2\/posts"}],"about":[{"href":"http:\/\/radiounion.es\/index.php\/wp-json\/wp\/v2\/types\/post"}],"author":[{"embeddable":true,"href":"http:\/\/radiounion.es\/index.php\/wp-json\/wp\/v2\/users\/2"}],"replies":[{"embeddable":true,"href":"http:\/\/radiounion.es\/index.php\/wp-json\/wp\/v2\/comments?post=1391"}],"version-history":[{"count":1,"href":"http:\/\/radiounion.es\/index.php\/wp-json\/wp\/v2\/posts\/1391\/revisions"}],"predecessor-version":[{"id":1392,"href":"http:\/\/radiounion.es\/index.php\/wp-json\/wp\/v2\/posts\/1391\/revisions\/1392"}],"wp:featuredmedia":[{"embeddable":true,"href":"http:\/\/radiounion.es\/index.php\/wp-json\/wp\/v2\/media\/1393"}],"wp:attachment":[{"href":"http:\/\/radiounion.es\/index.php\/wp-json\/wp\/v2\/media?parent=1391"}],"wp:term":[{"taxonomy":"category","embeddable":true,"href":"http:\/\/radiounion.es\/index.php\/wp-json\/wp\/v2\/categories?post=1391"},{"taxonomy":"post_tag","embeddable":true,"href":"http:\/\/radiounion.es\/index.php\/wp-json\/wp\/v2\/tags?post=1391"}],"curies":[{"name":"wp","href":"https:\/\/api.w.org\/{rel}","templated":true}]}}