{"id":1426,"date":"2024-09-06T08:34:48","date_gmt":"2024-09-06T06:34:48","guid":{"rendered":"https:\/\/radiounion.es\/?p=1426"},"modified":"2024-09-06T08:41:51","modified_gmt":"2024-09-06T06:41:51","slug":"turbo-rock-29-de-agosto-2024","status":"publish","type":"post","link":"http:\/\/radiounion.es\/index.php\/2024\/09\/06\/turbo-rock-29-de-agosto-2024\/","title":{"rendered":"Turbo Rock 29 de agosto 2024"},"content":{"rendered":"<p>Edici\u00f3n semanal del programa Turbo Rock, para esta ocasi\u00f3n dedicado a la presentaci\u00f3n del \u00faltimo trabajo por parte de la m\u00edtica formaci\u00f3n madrile\u00f1a Tokio, todo un referente dentro del estilo, bajo ese t\u00edtulo de La Redenci\u00f3n Del Caos!!!! Se incluye, durante el mismo, una enorme entrevista de m\u00e1s de dos horas de duraci\u00f3n con Manuel Escudero, vocalista de la banda, y a quien tuvimos presente al otro lado del hilo telef\u00f3nico!!!!!<\/p>\n<p>Nos encontramos ante la cuarta producci\u00f3n por parte de la banda marcando su regreso, la friolera, de 8 a\u00f1os despu\u00e9s, tras aquel Pecados Capitales, de 2016, y present\u00e1ndonos, a nivel de sonido, un \u00e1lbum en el cual predomina ese Hard Rock que desaf\u00eda las convenciones y redefine los l\u00edmites del g\u00e9nero con un enfoque muy personal, y el toque AOR que tanto nos gusta y disfrutamos los seguidores del estilo. Este trabajo ha sido grabado, mezclado y masterizado bajo esa atenta mirada de \u00c1ngel Mu\u00f1oz a los controles, en sus Anhell Studios, poniendo todo su cari\u00f1o e implicaci\u00f3n, y la verdad es que el resultado, en cuanto a sonido es brutal!!!! Todo ese tema de dise\u00f1o gr\u00e1fico y portada ha sido obra del propio vocalista de la banda, Manu Escudero, de manera realmente magistral, y resultando tremendo el resultado pudiendo ver el cari\u00f1o puesto en todos los detalles. La Redenci\u00f3n Del Caos no es un trabajo conceptual, entendido como tal, algo que si pod\u00edamos encontrar en su previa producci\u00f3n Pecados Capitales, aunque si podemos encontrar un hilo conductor que sirve, de alg\u00fan modo, de nexo entre todos los temas, hablando de los desastres sobre c\u00f3mo se encuentra y est\u00e1 el mundo, a partir del siglo XXI. Estamos ante un trabajo muy cuidado, cargado de melod\u00edas poderosas que desprenden un br\u00edo incre\u00edble, y con unos cortes que har\u00e1n disfrutar a todos los fieles amantes del g\u00e9nero, junto todo un est\u00e1ndar de personalidad. Sinceramente, es todo un enorme placer escuchar este brutal trabajo.<\/p>\n<p>Y sobre todo ya sab\u00e9issss, dejad que el Metal fluya por vuestras venas con la fuerza del trueno&#8230;. en la tormentaaaaaaa!!!!!<\/p>\n<audio class=\"wp-audio-shortcode\" id=\"audio-1426-1\" preload=\"none\" style=\"width: 100%;\" controls=\"controls\"><source type=\"audio\/mpeg\" src=\"https:\/\/www.ivoox.com\/turbo-rock-29-08-2024_md_133298021_wp_1.mp3?_=1\" \/><a href=\"https:\/\/www.ivoox.com\/turbo-rock-29-08-2024_md_133298021_wp_1.mp3\">https:\/\/www.ivoox.com\/turbo-rock-29-08-2024_md_133298021_wp_1.mp3<\/a><\/audio>\n<p>&nbsp;<\/p>\n","protected":false},"excerpt":{"rendered":"<p>Edici\u00f3n semanal del programa Turbo Rock, para esta ocasi\u00f3n dedicado a la presentaci\u00f3n del \u00faltimo trabajo por parte de la m\u00edtica formaci\u00f3n madrile\u00f1a Tokio, todo un referente dentro del estilo, bajo ese t\u00edtulo de La Redenci\u00f3n Del Caos!!!! Se incluye, durante el mismo, una enorme entrevista de m\u00e1s de dos horas de duraci\u00f3n con Manuel [&hellip;]<\/p>\n","protected":false},"author":2,"featured_media":1427,"comment_status":"open","ping_status":"open","sticky":false,"template":"","format":"standard","meta":{"footnotes":""},"categories":[13],"tags":[],"class_list":["post-1426","post","type-post","status-publish","format-standard","has-post-thumbnail","hentry","category-turbo-rock"],"_links":{"self":[{"href":"http:\/\/radiounion.es\/index.php\/wp-json\/wp\/v2\/posts\/1426","targetHints":{"allow":["GET"]}}],"collection":[{"href":"http:\/\/radiounion.es\/index.php\/wp-json\/wp\/v2\/posts"}],"about":[{"href":"http:\/\/radiounion.es\/index.php\/wp-json\/wp\/v2\/types\/post"}],"author":[{"embeddable":true,"href":"http:\/\/radiounion.es\/index.php\/wp-json\/wp\/v2\/users\/2"}],"replies":[{"embeddable":true,"href":"http:\/\/radiounion.es\/index.php\/wp-json\/wp\/v2\/comments?post=1426"}],"version-history":[{"count":1,"href":"http:\/\/radiounion.es\/index.php\/wp-json\/wp\/v2\/posts\/1426\/revisions"}],"predecessor-version":[{"id":1428,"href":"http:\/\/radiounion.es\/index.php\/wp-json\/wp\/v2\/posts\/1426\/revisions\/1428"}],"wp:featuredmedia":[{"embeddable":true,"href":"http:\/\/radiounion.es\/index.php\/wp-json\/wp\/v2\/media\/1427"}],"wp:attachment":[{"href":"http:\/\/radiounion.es\/index.php\/wp-json\/wp\/v2\/media?parent=1426"}],"wp:term":[{"taxonomy":"category","embeddable":true,"href":"http:\/\/radiounion.es\/index.php\/wp-json\/wp\/v2\/categories?post=1426"},{"taxonomy":"post_tag","embeddable":true,"href":"http:\/\/radiounion.es\/index.php\/wp-json\/wp\/v2\/tags?post=1426"}],"curies":[{"name":"wp","href":"https:\/\/api.w.org\/{rel}","templated":true}]}}