{"id":1444,"date":"2024-09-12T12:18:07","date_gmt":"2024-09-12T10:18:07","guid":{"rendered":"https:\/\/radiounion.es\/?p=1444"},"modified":"2024-09-12T12:18:07","modified_gmt":"2024-09-12T10:18:07","slug":"israel-fernandez-estrena-yo-voy-a-perder-el-sentio-junto-a-antonio-el-relojero","status":"publish","type":"post","link":"http:\/\/radiounion.es\/index.php\/2024\/09\/12\/israel-fernandez-estrena-yo-voy-a-perder-el-sentio-junto-a-antonio-el-relojero\/","title":{"rendered":"Israel Fern\u00e1ndez estrena \u00abYo voy a perder el sent\u00edo\u00bb junto a Antonio \u00abEl Relojero\u00bb"},"content":{"rendered":"<div class=\"flex max-w-full flex-col flex-grow\">\n<div class=\"min-h-[20px] text-message flex w-full flex-col items-end gap-2 whitespace-normal break-words [.text-message+&amp;]:mt-5\" dir=\"auto\" data-message-author-role=\"assistant\" data-message-id=\"0ade476f-7b31-4311-956d-21a1cd184e58\">\n<div class=\"flex w-full flex-col gap-1 empty:hidden first:pt-[3px]\">\n<div class=\"markdown prose w-full break-words dark:prose-invert light\">\n<p>El aclamado cantaor <strong>Israel Fern\u00e1ndez<\/strong> ha sorprendido a sus seguidores con el lanzamiento de su nuevo sencillo, <strong>\u00abYo voy a perder el sent\u00edo\u00bb<\/strong>, una emotiva colaboraci\u00f3n con el destacado guitarrista <strong>Antonio \u00abEl Relojero\u00bb<\/strong>. La canci\u00f3n, que ya cuenta con un videoclip oficial, promete convertirse en un referente del flamenco contempor\u00e1neo, fusionando la pasi\u00f3n y el arte de dos grandes figuras del g\u00e9nero.<\/p>\n<p><iframe title=\"Israel Fern\u00e1ndez - Yo Voy A Perder El Sent\u00edo (Fandangos) ft. Antonio &quot;El Relojero&quot;\" width=\"800\" height=\"450\" src=\"https:\/\/www.youtube.com\/embed\/UwESQ16v8PQ?feature=oembed\" frameborder=\"0\" allow=\"accelerometer; autoplay; clipboard-write; encrypted-media; gyroscope; picture-in-picture; web-share\" referrerpolicy=\"strict-origin-when-cross-origin\" allowfullscreen><\/iframe><\/p>\n<p>Con su inconfundible estilo, Israel Fern\u00e1ndez vuelve a demostrar por qu\u00e9 es uno de los m\u00e1ximos exponentes del flamenco actual. En esta ocasi\u00f3n, su colaboraci\u00f3n con Antonio \u00abEl Relojero\u00bb, conocido por su maestr\u00eda en la guitarra, a\u00f1ade un toque de profundidad y autenticidad al tema. El videoclip, cargado de intensidad y emoci\u00f3n, captura la esencia del flamenco m\u00e1s puro, combinando la fuerza de la interpretaci\u00f3n vocal de Israel con el virtuosismo de Antonio en las cuerdas.<\/p>\n<p>\u00ab<strong>Yo voy a perder el sent\u00edo<\/strong>\u00bb es un reflejo del compromiso de ambos artistas por mantener viva la esencia del flamenco tradicional, mientras exploran nuevas formas de expresarlo. El lanzamiento de este sencillo y su videoclip ya ha generado gran expectaci\u00f3n entre los amantes del g\u00e9nero, consolidando a Israel Fern\u00e1ndez como una de las voces m\u00e1s respetadas del panorama musical espa\u00f1ol.<\/p>\n<p>Este nuevo trabajo promete dejar huella en el flamenco contempor\u00e1neo, mostrando una vez m\u00e1s la capacidad de estos artistas para emocionar y conectar con el p\u00fablico a trav\u00e9s de su arte.<\/p>\n<\/div>\n<\/div>\n<\/div>\n<\/div>\n","protected":false},"excerpt":{"rendered":"<p>El aclamado cantaor Israel Fern\u00e1ndez ha sorprendido a sus seguidores con el lanzamiento de su nuevo sencillo, \u00abYo voy a perder el sent\u00edo\u00bb, una emotiva colaboraci\u00f3n con el destacado guitarrista Antonio \u00abEl Relojero\u00bb. La canci\u00f3n, que ya cuenta con un videoclip oficial, promete convertirse en un referente del flamenco contempor\u00e1neo, fusionando la pasi\u00f3n y el [&hellip;]<\/p>\n","protected":false},"author":2,"featured_media":1445,"comment_status":"open","ping_status":"open","sticky":false,"template":"","format":"standard","meta":{"footnotes":""},"categories":[5],"tags":[],"class_list":["post-1444","post","type-post","status-publish","format-standard","has-post-thumbnail","hentry","category-noticias"],"_links":{"self":[{"href":"http:\/\/radiounion.es\/index.php\/wp-json\/wp\/v2\/posts\/1444","targetHints":{"allow":["GET"]}}],"collection":[{"href":"http:\/\/radiounion.es\/index.php\/wp-json\/wp\/v2\/posts"}],"about":[{"href":"http:\/\/radiounion.es\/index.php\/wp-json\/wp\/v2\/types\/post"}],"author":[{"embeddable":true,"href":"http:\/\/radiounion.es\/index.php\/wp-json\/wp\/v2\/users\/2"}],"replies":[{"embeddable":true,"href":"http:\/\/radiounion.es\/index.php\/wp-json\/wp\/v2\/comments?post=1444"}],"version-history":[{"count":1,"href":"http:\/\/radiounion.es\/index.php\/wp-json\/wp\/v2\/posts\/1444\/revisions"}],"predecessor-version":[{"id":1446,"href":"http:\/\/radiounion.es\/index.php\/wp-json\/wp\/v2\/posts\/1444\/revisions\/1446"}],"wp:featuredmedia":[{"embeddable":true,"href":"http:\/\/radiounion.es\/index.php\/wp-json\/wp\/v2\/media\/1445"}],"wp:attachment":[{"href":"http:\/\/radiounion.es\/index.php\/wp-json\/wp\/v2\/media?parent=1444"}],"wp:term":[{"taxonomy":"category","embeddable":true,"href":"http:\/\/radiounion.es\/index.php\/wp-json\/wp\/v2\/categories?post=1444"},{"taxonomy":"post_tag","embeddable":true,"href":"http:\/\/radiounion.es\/index.php\/wp-json\/wp\/v2\/tags?post=1444"}],"curies":[{"name":"wp","href":"https:\/\/api.w.org\/{rel}","templated":true}]}}