{"id":1453,"date":"2024-09-13T12:14:17","date_gmt":"2024-09-13T10:14:17","guid":{"rendered":"https:\/\/radiounion.es\/?p=1453"},"modified":"2024-09-15T01:43:28","modified_gmt":"2024-09-14T23:43:28","slug":"entrevista-a-don-raul-nieto-de-afa-levante","status":"publish","type":"post","link":"http:\/\/radiounion.es\/index.php\/2024\/09\/13\/entrevista-a-don-raul-nieto-de-afa-levante\/","title":{"rendered":"Entrevista a Don Ra\u00fal Nieto de Afa Levante"},"content":{"rendered":"<p>En la ma\u00f1ana del viernes 13, nos visit\u00f3 en nuestros estudios de Radio Uni\u00f3n el gerente de Afa Levante, Don Ra\u00fal Nieto que estuvo acompa\u00f1ado por Anna Gamb\u00edn en una entrevista donde nos analiza todo lo que se realiza desde la asociaci\u00f3n Afa Levante y que va dirigido a familiares de personas con enfermedades neurodegenerativas y la prevenci\u00f3n de envejecimiento patol\u00f3gico.<\/p>\n<audio class=\"wp-audio-shortcode\" id=\"audio-1453-1\" preload=\"none\" style=\"width: 100%;\" controls=\"controls\"><source type=\"audio\/mpeg\" src=\"https:\/\/www.ivoox.com\/entrevista-a-raul-nieto-afa-levante_md_133772191_wp_1.mp3?_=1\" \/><a href=\"https:\/\/www.ivoox.com\/entrevista-a-raul-nieto-afa-levante_md_133772191_wp_1.mp3\">https:\/\/www.ivoox.com\/entrevista-a-raul-nieto-afa-levante_md_133772191_wp_1.mp3<\/a><\/audio>\n<p>&nbsp;<\/p>\n","protected":false},"excerpt":{"rendered":"<p>En la ma\u00f1ana del viernes 13, nos visit\u00f3 en nuestros estudios de Radio Uni\u00f3n el gerente de Afa Levante, Don Ra\u00fal Nieto que estuvo acompa\u00f1ado por Anna Gamb\u00edn en una entrevista donde nos analiza todo lo que se realiza desde la asociaci\u00f3n Afa Levante y que va dirigido a familiares de personas con enfermedades neurodegenerativas [&hellip;]<\/p>\n","protected":false},"author":2,"featured_media":1454,"comment_status":"open","ping_status":"open","sticky":false,"template":"","format":"standard","meta":{"footnotes":""},"categories":[7],"tags":[],"class_list":["post-1453","post","type-post","status-publish","format-standard","has-post-thumbnail","hentry","category-podcast"],"_links":{"self":[{"href":"http:\/\/radiounion.es\/index.php\/wp-json\/wp\/v2\/posts\/1453","targetHints":{"allow":["GET"]}}],"collection":[{"href":"http:\/\/radiounion.es\/index.php\/wp-json\/wp\/v2\/posts"}],"about":[{"href":"http:\/\/radiounion.es\/index.php\/wp-json\/wp\/v2\/types\/post"}],"author":[{"embeddable":true,"href":"http:\/\/radiounion.es\/index.php\/wp-json\/wp\/v2\/users\/2"}],"replies":[{"embeddable":true,"href":"http:\/\/radiounion.es\/index.php\/wp-json\/wp\/v2\/comments?post=1453"}],"version-history":[{"count":1,"href":"http:\/\/radiounion.es\/index.php\/wp-json\/wp\/v2\/posts\/1453\/revisions"}],"predecessor-version":[{"id":1455,"href":"http:\/\/radiounion.es\/index.php\/wp-json\/wp\/v2\/posts\/1453\/revisions\/1455"}],"wp:featuredmedia":[{"embeddable":true,"href":"http:\/\/radiounion.es\/index.php\/wp-json\/wp\/v2\/media\/1454"}],"wp:attachment":[{"href":"http:\/\/radiounion.es\/index.php\/wp-json\/wp\/v2\/media?parent=1453"}],"wp:term":[{"taxonomy":"category","embeddable":true,"href":"http:\/\/radiounion.es\/index.php\/wp-json\/wp\/v2\/categories?post=1453"},{"taxonomy":"post_tag","embeddable":true,"href":"http:\/\/radiounion.es\/index.php\/wp-json\/wp\/v2\/tags?post=1453"}],"curies":[{"name":"wp","href":"https:\/\/api.w.org\/{rel}","templated":true}]}}