{"id":1510,"date":"2024-10-02T11:58:13","date_gmt":"2024-10-02T09:58:13","guid":{"rendered":"https:\/\/radiounion.es\/?p=1510"},"modified":"2024-10-02T11:58:13","modified_gmt":"2024-10-02T09:58:13","slug":"manolo-garcia-continua-con-su-gira-gira-cero-emisiones-contaminantes-desde-ya-este-sabado-en-murcia","status":"publish","type":"post","link":"http:\/\/radiounion.es\/index.php\/2024\/10\/02\/manolo-garcia-continua-con-su-gira-gira-cero-emisiones-contaminantes-desde-ya-este-sabado-en-murcia\/","title":{"rendered":"Manolo Garc\u00eda contin\u00faa con su gira \u201cGira Cero Emisiones Contaminantes Desde Ya\u201d este s\u00e1bado en Murcia"},"content":{"rendered":"<p>Tras un contundente \u00e9xito por parte de p\u00fablico y cr\u00edtica en el primer tramo de su gira \u201c<strong><em>Cero Emisiones Contaminantes Desde Ya\u201d<\/em><\/strong>, en la que <strong>Manolo Garc\u00eda<\/strong> est\u00e1 recorriendo los recintos m\u00e1s emblem\u00e1ticos de nuestro pa\u00eds y con la que ha colgado el cartel de \u201csin entradas\u201d en la gran mayor\u00eda de sus espect\u00e1culos, el artista contin\u00faa el tour el pr\u00f3ximo <strong>s\u00e1bado 05 de octubre en la Plaza de Toros de <\/strong><strong>Murcia<\/strong>.<\/p>\n<p>Con una vibrante escenograf\u00eda y una de las voces m\u00e1s ic\u00f3nicas del panorama musical, esta cita ser\u00e1 una experiencia imprescindible en la que <strong>Manolo Garc\u00eda<\/strong> interpretar\u00e1 en directo las canciones de su \u00faltimo trabajo de estudio que est\u00e1 compuesto por un doble \u00e1lbum y que incluye los t\u00edtulos <strong><em>Mi Vida en Marte<\/em><\/strong> y <strong><em>Desatinos Desplumados<\/em><\/strong>, y que han pulverizado todos los r\u00e9cords de venta.<\/p>\n<p>Durante la esperada cita los asistentes podr\u00e1n disfrutar en directo de los grandes \u00e9xitos de <strong>Manolo Garc\u00eda<\/strong> que ya forman parte de la historia de la m\u00fasica de nuestro pa\u00eds como son <em>P\u00e1jaros de Barro<\/em>, <em>A San Fernando Un Ratito a Pie y Otro Caminando<\/em> o <em>Nunca El Tiempo es Perdido<\/em>.<\/p>\n<p>Cuando se cumplen dos d\u00e9cadas de su trayectoria en solitario, precedidas del inolvidable El \u00daltimo de la Fila, el m\u00fasico barcelon\u00e9s nos entrega estos dos nuevos trabajos, <strong>puro <\/strong><strong>Manolo Garc\u00eda<\/strong><strong> en su mejor momento.<\/strong><\/p>\n<p>Grabados entre Girona y Pozuelo de Alarc\u00f3n (Madrid), <strong><em>Mi vida en Marte<\/em><\/strong> y <strong><em>Desatinos Desplumados<\/em><\/strong> re\u00fanen 27 canciones con la firma de Manolo Garc\u00eda \u2013incluida una nueva versi\u00f3n de la canci\u00f3n <em>Busco Cielos-<\/em><\/p>\n<p><img fetchpriority=\"high\" decoding=\"async\" class=\"alignnone size-medium wp-image-1511\" src=\"http:\/\/radiounion.es\/wp-content\/uploads\/2024\/10\/MANOLO-GARCIA-240x300.jpg\" alt=\"\" width=\"240\" height=\"300\" srcset=\"http:\/\/radiounion.es\/wp-content\/uploads\/2024\/10\/MANOLO-GARCIA-240x300.jpg 240w, http:\/\/radiounion.es\/wp-content\/uploads\/2024\/10\/MANOLO-GARCIA-819x1024.jpg 819w, http:\/\/radiounion.es\/wp-content\/uploads\/2024\/10\/MANOLO-GARCIA-768x960.jpg 768w, http:\/\/radiounion.es\/wp-content\/uploads\/2024\/10\/MANOLO-GARCIA.jpg 1076w\" sizes=\"(max-width: 240px) 100vw, 240px\" \/><\/p>\n","protected":false},"excerpt":{"rendered":"<p>Tras un contundente \u00e9xito por parte de p\u00fablico y cr\u00edtica en el primer tramo de su gira \u201cCero Emisiones Contaminantes Desde Ya\u201d, en la que Manolo Garc\u00eda est\u00e1 recorriendo los recintos m\u00e1s emblem\u00e1ticos de nuestro pa\u00eds y con la que ha colgado el cartel de \u201csin entradas\u201d en la gran mayor\u00eda de sus espect\u00e1culos, el [&hellip;]<\/p>\n","protected":false},"author":2,"featured_media":1512,"comment_status":"open","ping_status":"open","sticky":false,"template":"","format":"standard","meta":{"footnotes":""},"categories":[5],"tags":[],"class_list":["post-1510","post","type-post","status-publish","format-standard","has-post-thumbnail","hentry","category-noticias"],"_links":{"self":[{"href":"http:\/\/radiounion.es\/index.php\/wp-json\/wp\/v2\/posts\/1510","targetHints":{"allow":["GET"]}}],"collection":[{"href":"http:\/\/radiounion.es\/index.php\/wp-json\/wp\/v2\/posts"}],"about":[{"href":"http:\/\/radiounion.es\/index.php\/wp-json\/wp\/v2\/types\/post"}],"author":[{"embeddable":true,"href":"http:\/\/radiounion.es\/index.php\/wp-json\/wp\/v2\/users\/2"}],"replies":[{"embeddable":true,"href":"http:\/\/radiounion.es\/index.php\/wp-json\/wp\/v2\/comments?post=1510"}],"version-history":[{"count":1,"href":"http:\/\/radiounion.es\/index.php\/wp-json\/wp\/v2\/posts\/1510\/revisions"}],"predecessor-version":[{"id":1513,"href":"http:\/\/radiounion.es\/index.php\/wp-json\/wp\/v2\/posts\/1510\/revisions\/1513"}],"wp:featuredmedia":[{"embeddable":true,"href":"http:\/\/radiounion.es\/index.php\/wp-json\/wp\/v2\/media\/1512"}],"wp:attachment":[{"href":"http:\/\/radiounion.es\/index.php\/wp-json\/wp\/v2\/media?parent=1510"}],"wp:term":[{"taxonomy":"category","embeddable":true,"href":"http:\/\/radiounion.es\/index.php\/wp-json\/wp\/v2\/categories?post=1510"},{"taxonomy":"post_tag","embeddable":true,"href":"http:\/\/radiounion.es\/index.php\/wp-json\/wp\/v2\/tags?post=1510"}],"curies":[{"name":"wp","href":"https:\/\/api.w.org\/{rel}","templated":true}]}}