{"id":1544,"date":"2024-10-11T10:52:03","date_gmt":"2024-10-11T08:52:03","guid":{"rendered":"https:\/\/radiounion.es\/?p=1544"},"modified":"2025-01-09T08:57:53","modified_gmt":"2025-01-09T07:57:53","slug":"el-sorprendente-mensaje-de-el-arrebato-a-sus-seguidores-lo-mejor-esta-por-venir","status":"publish","type":"post","link":"http:\/\/radiounion.es\/index.php\/2024\/10\/11\/el-sorprendente-mensaje-de-el-arrebato-a-sus-seguidores-lo-mejor-esta-por-venir\/","title":{"rendered":"El sorprendente mensaje de El Arrebato a sus seguidores: \u201cLo Mejor Est\u00e1 por Venir\u201d"},"content":{"rendered":"<p>El reconocido cantautor espa\u00f1ol <strong>El Arrebato<\/strong>, famoso por su fusi\u00f3n de flamenco y pop y por sus emotivas letras, ha dejado a sus seguidores boquiabiertos con un inesperado mensaje en redes sociales. A trav\u00e9s de un v\u00eddeo publicado en su cuenta oficial de Instagram, el artista sevillano envi\u00f3 un mensaje cargado de emoci\u00f3n y optimismo, en el que promete grandes sorpresas para el futuro.<\/p>\n<p>\u00abFamilia, lo que viene es m\u00e1s grande de lo que os pod\u00e9is imaginar. Os doy mi palabra: lo mejor est\u00e1 por venir\u00bb, expres\u00f3 El Arrebato con una sonrisa en su rostro y un tono lleno de entusiasmo. El v\u00eddeo, que r\u00e1pidamente se hizo viral, ha generado una ola de especulaciones entre sus fans, quienes se preguntan qu\u00e9 proyectos est\u00e1 preparando el cantante.<\/p>\n<p>El mensaje ha despertado rumores sobre un posible nuevo \u00e1lbum, ya que hace meses que el artista no lanza nueva m\u00fasica. Algunos seguidores tambi\u00e9n barajan la posibilidad de una gira internacional o un gran concierto en alg\u00fan lugar emblem\u00e1tico de Espa\u00f1a. Sin embargo, El Arrebato no dio m\u00e1s detalles, dejando a todos con la expectativa al m\u00e1ximo.<\/p>\n<p>\u00abSiempre he intentado dar lo mejor de m\u00ed en cada canci\u00f3n, y en cada escenario, pero lo que estoy preparando va m\u00e1s all\u00e1 de todo lo que he hecho hasta ahora\u00bb, a\u00f1adi\u00f3 el artista, sin revelar m\u00e1s pistas. Este anuncio llega en un momento clave, ya que El Arrebato, quien ha sido una de las voces m\u00e1s queridas del panorama musical espa\u00f1ol durante dos d\u00e9cadas, ha mantenido un perfil m\u00e1s discreto en los \u00faltimos a\u00f1os, centrado en su familia y en la creaci\u00f3n de nuevas canciones.<\/p>\n<p>Sus fans, siempre fieles, han respondido con mensajes de apoyo y entusiasmo en redes sociales, mostrando su confianza en que lo que sea que est\u00e9 preparando ser\u00e1 un \u00e9xito. \u00abEl Arrebato nunca decepciona. Si dice que lo mejor est\u00e1 por venir, \u00a1ser\u00e1 porque lo tiene todo bien pensado!\u00bb, coment\u00f3 uno de sus seguidores en Twitter.<\/p>\n<p>Con este mensaje cargado de misterio y esperanza, El Arrebato ha logrado reavivar la ilusi\u00f3n de su p\u00fablico, demostrando que su v\u00ednculo con sus seguidores sigue siendo tan fuerte como siempre, y que a\u00fan tiene mucho que ofrecer al mundo de la m\u00fasica.<\/p>\n","protected":false},"excerpt":{"rendered":"<p>El reconocido cantautor espa\u00f1ol El Arrebato, famoso por su fusi\u00f3n de flamenco y pop y por sus emotivas letras, ha dejado a sus seguidores boquiabiertos con un inesperado mensaje en redes sociales. A trav\u00e9s de un v\u00eddeo publicado en su cuenta oficial de Instagram, el artista sevillano envi\u00f3 un mensaje cargado de emoci\u00f3n y optimismo, [&hellip;]<\/p>\n","protected":false},"author":2,"featured_media":1737,"comment_status":"open","ping_status":"open","sticky":false,"template":"","format":"standard","meta":{"footnotes":""},"categories":[5],"tags":[],"class_list":["post-1544","post","type-post","status-publish","format-standard","has-post-thumbnail","hentry","category-noticias"],"_links":{"self":[{"href":"http:\/\/radiounion.es\/index.php\/wp-json\/wp\/v2\/posts\/1544","targetHints":{"allow":["GET"]}}],"collection":[{"href":"http:\/\/radiounion.es\/index.php\/wp-json\/wp\/v2\/posts"}],"about":[{"href":"http:\/\/radiounion.es\/index.php\/wp-json\/wp\/v2\/types\/post"}],"author":[{"embeddable":true,"href":"http:\/\/radiounion.es\/index.php\/wp-json\/wp\/v2\/users\/2"}],"replies":[{"embeddable":true,"href":"http:\/\/radiounion.es\/index.php\/wp-json\/wp\/v2\/comments?post=1544"}],"version-history":[{"count":1,"href":"http:\/\/radiounion.es\/index.php\/wp-json\/wp\/v2\/posts\/1544\/revisions"}],"predecessor-version":[{"id":1546,"href":"http:\/\/radiounion.es\/index.php\/wp-json\/wp\/v2\/posts\/1544\/revisions\/1546"}],"wp:featuredmedia":[{"embeddable":true,"href":"http:\/\/radiounion.es\/index.php\/wp-json\/wp\/v2\/media\/1737"}],"wp:attachment":[{"href":"http:\/\/radiounion.es\/index.php\/wp-json\/wp\/v2\/media?parent=1544"}],"wp:term":[{"taxonomy":"category","embeddable":true,"href":"http:\/\/radiounion.es\/index.php\/wp-json\/wp\/v2\/categories?post=1544"},{"taxonomy":"post_tag","embeddable":true,"href":"http:\/\/radiounion.es\/index.php\/wp-json\/wp\/v2\/tags?post=1544"}],"curies":[{"name":"wp","href":"https:\/\/api.w.org\/{rel}","templated":true}]}}