{"id":1550,"date":"2024-10-11T12:01:06","date_gmt":"2024-10-11T10:01:06","guid":{"rendered":"https:\/\/radiounion.es\/?p=1550"},"modified":"2024-10-11T12:02:03","modified_gmt":"2024-10-11T10:02:03","slug":"entrevista-asociacion-contra-el-cancer-la-union","status":"publish","type":"post","link":"http:\/\/radiounion.es\/index.php\/2024\/10\/11\/entrevista-asociacion-contra-el-cancer-la-union\/","title":{"rendered":"Entrevista Asociaci\u00f3n contra el c\u00e1ncer La Uni\u00f3n"},"content":{"rendered":"<p>El pasado 6 de octubre, la localidad de La Uni\u00f3n se visit\u00f3 de rosa para apoyar la lucha contra el c\u00e1ncer de mama con una marcha solidaria que recorri\u00f3 las calles del municipio. La marcha, que parti\u00f3 desde la Plaza Joaqu\u00edn Costa, reuniendo a cientos de personas vestidas con camisetas de color rosa, s\u00edmbolo de la solidaridad con las personas afectadas por esta enfermedad.<\/p>\n<p>Familias, amigos y asociaciones locales se unieron en un emotivo recorrido que no solo buscaba recaudar fondos para la investigaci\u00f3n contra el c\u00e1ncer, sino tambi\u00e9n concienciar sobre la importancia de la detecci\u00f3n temprana y el apoyo comunitario. La marcha avanz\u00f3 por las principales calles de La Uni\u00f3n, en un ambiente festivo y cargado.<\/p>\n<p>Al llegar al punto final, se realizaron varios actos conmemorativos, entre ellos discursos de representantes de organizaciones de lucha contra el c\u00e1ncer, y se recordaron testimonios de personas que han superado la enfermedad. La jornada finaliz\u00f3 con un aplauso masivo y la suelta simb\u00f3lica de globos rosados \u200b\u200bal cielo, un gesto de apoyo y recuerdo para quienes luchan y quienes ya no est\u00e1n.<\/p>\n<p>La marcha ha sido calificada como un \u00e9xito de participaci\u00f3n y ha logrado un importante impacto social en la comunidad, reflejando la fuerza y \u200b\u200buni\u00f3n frente a la lucha.<\/p>\n<audio class=\"wp-audio-shortcode\" id=\"audio-1550-1\" preload=\"none\" style=\"width: 100%;\" controls=\"controls\"><source type=\"audio\/mpeg\" src=\"https:\/\/www.ivoox.com\/entrevista-asociacion-contra-cancer-la-union_md_134738783_wp_1.mp3?_=1\" \/><a href=\"https:\/\/www.ivoox.com\/entrevista-asociacion-contra-cancer-la-union_md_134738783_wp_1.mp3\">https:\/\/www.ivoox.com\/entrevista-asociacion-contra-cancer-la-union_md_134738783_wp_1.mp3<\/a><\/audio>\n<p>&nbsp;<\/p>\n<p>&nbsp;<\/p>\n","protected":false},"excerpt":{"rendered":"<p>El pasado 6 de octubre, la localidad de La Uni\u00f3n se visit\u00f3 de rosa para apoyar la lucha contra el c\u00e1ncer de mama con una marcha solidaria que recorri\u00f3 las calles del municipio. La marcha, que parti\u00f3 desde la Plaza Joaqu\u00edn Costa, reuniendo a cientos de personas vestidas con camisetas de color rosa, s\u00edmbolo de [&hellip;]<\/p>\n","protected":false},"author":2,"featured_media":1554,"comment_status":"open","ping_status":"open","sticky":false,"template":"","format":"standard","meta":{"footnotes":""},"categories":[7],"tags":[],"class_list":["post-1550","post","type-post","status-publish","format-standard","has-post-thumbnail","hentry","category-podcast"],"_links":{"self":[{"href":"http:\/\/radiounion.es\/index.php\/wp-json\/wp\/v2\/posts\/1550","targetHints":{"allow":["GET"]}}],"collection":[{"href":"http:\/\/radiounion.es\/index.php\/wp-json\/wp\/v2\/posts"}],"about":[{"href":"http:\/\/radiounion.es\/index.php\/wp-json\/wp\/v2\/types\/post"}],"author":[{"embeddable":true,"href":"http:\/\/radiounion.es\/index.php\/wp-json\/wp\/v2\/users\/2"}],"replies":[{"embeddable":true,"href":"http:\/\/radiounion.es\/index.php\/wp-json\/wp\/v2\/comments?post=1550"}],"version-history":[{"count":2,"href":"http:\/\/radiounion.es\/index.php\/wp-json\/wp\/v2\/posts\/1550\/revisions"}],"predecessor-version":[{"id":1556,"href":"http:\/\/radiounion.es\/index.php\/wp-json\/wp\/v2\/posts\/1550\/revisions\/1556"}],"wp:featuredmedia":[{"embeddable":true,"href":"http:\/\/radiounion.es\/index.php\/wp-json\/wp\/v2\/media\/1554"}],"wp:attachment":[{"href":"http:\/\/radiounion.es\/index.php\/wp-json\/wp\/v2\/media?parent=1550"}],"wp:term":[{"taxonomy":"category","embeddable":true,"href":"http:\/\/radiounion.es\/index.php\/wp-json\/wp\/v2\/categories?post=1550"},{"taxonomy":"post_tag","embeddable":true,"href":"http:\/\/radiounion.es\/index.php\/wp-json\/wp\/v2\/tags?post=1550"}],"curies":[{"name":"wp","href":"https:\/\/api.w.org\/{rel}","templated":true}]}}