{"id":1557,"date":"2024-10-14T10:55:58","date_gmt":"2024-10-14T08:55:58","guid":{"rendered":"https:\/\/radiounion.es\/?p=1557"},"modified":"2024-10-14T11:03:21","modified_gmt":"2024-10-14T09:03:21","slug":"se-contituye-una-asociacion-de-mineralogistas-del-patrimonio-minero-en-la-union-y-cartagena","status":"publish","type":"post","link":"http:\/\/radiounion.es\/index.php\/2024\/10\/14\/se-contituye-una-asociacion-de-mineralogistas-del-patrimonio-minero-en-la-union-y-cartagena\/","title":{"rendered":"Se constituye una asociaci\u00f3n de mineralogistas del patrimonio minero en La Uni\u00f3n y Cartagena"},"content":{"rendered":"<p>Ha sido fundada la Asociaci\u00f3n de Mineralogistas de La Uni\u00f3n y Cartagena (MINUCA) que tiene por objeto contribuir al fomento de la afici\u00f3n a los minerales y de la conservaci\u00f3n del patrimonio minero en los municipios de La Uni\u00f3n y Cartagena.<\/p>\n<p>Se trata de una entidad sin \u00e1nimo de lucro, integradora e independiente de cualquier empresa, partido pol\u00edtico o ideolog\u00eda, que entre sus fines principales tiene difundir el conocimiento de los minerales y la mineralog\u00eda, promover la conservaci\u00f3n de lugares de inter\u00e9s geol\u00f3gico, participar en la preservaci\u00f3n y recuperaci\u00f3n del patrimonio minero e impulsar el coleccionismo responsable de minerales como herramienta cultural.<\/p>\n<p>MINUCA pretende imprimir otro talante al coleccionismo de minerales, alejado del mero \u00e1nimo de lucro que impera en algunas asociaciones en las que algunos directivos fomentan exclusivamente el comercio de minerales y la recolecci\u00f3n de ejemplares con inter\u00e9s pecuniario, presuntamente aprovechando institucionalmente la organizaci\u00f3n para impulsar proyectos personales y obtener beneficios econ\u00f3micos y de imagen.<\/p>\n<p>En ning\u00fan caso es un proyecto paragubernamental, de amigos bien relacionados pol\u00edticamente, para exprimir el dinero p\u00fablico o para que un Ayuntamiento del partido amigo se justifique.<\/p>\n<p>Esta iniciativa nace igualmente con vocaci\u00f3n de contribuir a cubrir las lagunas que existen en la Comarca de Cartagena y en el resto de la Regi\u00f3n de Murcia en materia de formaci\u00f3n sobre Mineralog\u00eda, Geolog\u00eda y yacimientos de valor mineral\u00f3gico.<\/p>\n<p>Sus impulsores tienen dilatada experiencia en el mundo de la Mineralog\u00eda, el coleccionismo y la conservaci\u00f3n del patrimonio.<\/p>\n<p>La junta directiva est\u00e1 formada por el presidente Pablo Olivares, Dr. en Psicolog\u00eda, profesor titular de la Universidad de Murcia y experto mineralogista, el vicepresidente y secretario Juan Luis Castanedo, experimentado ecologista y veterano mineralogista, y por la tesorera Ana Ayuga, laboralmente vinculada al sector bancario.<\/p>\n<p>La nueva entidad pretende sumar a los aficionados de la zona (excluyendo a\u00a0 comerciantes profesionales) que apuesten por un coleccionismo responsable que contribuya al mismo tiempo a la promoci\u00f3n de la cultura geol\u00f3gica y mineral\u00f3gica murciana.<\/p>\n<p>Asimismo, establecer\u00e1 canales de colaboraci\u00f3n con otras entidades que persigan fines similares, tanto murcianas como del resto del Estado espa\u00f1ol, para la promoci\u00f3n de la afici\u00f3n y promover eventos participativos, igualitarios e integradores al margen de sectarismos e intereses meramente particulares.<\/p>\n","protected":false},"excerpt":{"rendered":"<p>Ha sido fundada la Asociaci\u00f3n de Mineralogistas de La Uni\u00f3n y Cartagena (MINUCA) que tiene por objeto contribuir al fomento de la afici\u00f3n a los minerales y de la conservaci\u00f3n del patrimonio minero en los municipios de La Uni\u00f3n y Cartagena. Se trata de una entidad sin \u00e1nimo de lucro, integradora e independiente de cualquier [&hellip;]<\/p>\n","protected":false},"author":2,"featured_media":1559,"comment_status":"open","ping_status":"open","sticky":false,"template":"","format":"standard","meta":{"footnotes":""},"categories":[5],"tags":[],"class_list":["post-1557","post","type-post","status-publish","format-standard","has-post-thumbnail","hentry","category-noticias"],"_links":{"self":[{"href":"http:\/\/radiounion.es\/index.php\/wp-json\/wp\/v2\/posts\/1557","targetHints":{"allow":["GET"]}}],"collection":[{"href":"http:\/\/radiounion.es\/index.php\/wp-json\/wp\/v2\/posts"}],"about":[{"href":"http:\/\/radiounion.es\/index.php\/wp-json\/wp\/v2\/types\/post"}],"author":[{"embeddable":true,"href":"http:\/\/radiounion.es\/index.php\/wp-json\/wp\/v2\/users\/2"}],"replies":[{"embeddable":true,"href":"http:\/\/radiounion.es\/index.php\/wp-json\/wp\/v2\/comments?post=1557"}],"version-history":[{"count":2,"href":"http:\/\/radiounion.es\/index.php\/wp-json\/wp\/v2\/posts\/1557\/revisions"}],"predecessor-version":[{"id":1561,"href":"http:\/\/radiounion.es\/index.php\/wp-json\/wp\/v2\/posts\/1557\/revisions\/1561"}],"wp:featuredmedia":[{"embeddable":true,"href":"http:\/\/radiounion.es\/index.php\/wp-json\/wp\/v2\/media\/1559"}],"wp:attachment":[{"href":"http:\/\/radiounion.es\/index.php\/wp-json\/wp\/v2\/media?parent=1557"}],"wp:term":[{"taxonomy":"category","embeddable":true,"href":"http:\/\/radiounion.es\/index.php\/wp-json\/wp\/v2\/categories?post=1557"},{"taxonomy":"post_tag","embeddable":true,"href":"http:\/\/radiounion.es\/index.php\/wp-json\/wp\/v2\/tags?post=1557"}],"curies":[{"name":"wp","href":"https:\/\/api.w.org\/{rel}","templated":true}]}}