{"id":1567,"date":"2024-10-18T10:36:48","date_gmt":"2024-10-18T08:36:48","guid":{"rendered":"https:\/\/radiounion.es\/?p=1567"},"modified":"2024-10-18T10:36:48","modified_gmt":"2024-10-18T08:36:48","slug":"la-fundacion-isaac-peral-reconoce-la-excelencia-empresarial-y-tecnologica-de-la-region-en-la-segunda-edicion-de-sus-premios","status":"publish","type":"post","link":"http:\/\/radiounion.es\/index.php\/2024\/10\/18\/la-fundacion-isaac-peral-reconoce-la-excelencia-empresarial-y-tecnologica-de-la-region-en-la-segunda-edicion-de-sus-premios\/","title":{"rendered":"La Fundaci\u00f3n Isaac Peral reconoce la excelencia empresarial y tecnol\u00f3gica de la Regi\u00f3n en la segunda edici\u00f3n de sus premios"},"content":{"rendered":"<p>Emuasa, Hefame, Viva In Vitro y PcComponentes han sido los galardonados en la segunda edici\u00f3n de los Premios Fundaci\u00f3n Isaac Peral (FIP)<\/p>\n<p>La gala ha tenido lugar en el sal\u00f3n de actos Isaac Peral del edificio CIM-UPCT de Cartagena<\/p>\n<p>M\u00e1s de doscientos representantes del mundo pol\u00edtico, social y empresarial de la Regi\u00f3n de Murcia han asistido al evento<\/p>\n<p dir=\"ltr\">La\u00a0Fundaci\u00f3n Isaac Peral\u00a0ya ha hecho entrega de sus galardones a los premiados de la segunda edici\u00f3n de los Premios Fundaci\u00f3n Isaac Peral, en un evento celebrado en el sal\u00f3n de actos Isaac Peral del edificio del CIM-UPCT de Cartagena.<\/p>\n<p>&nbsp;<\/p>\n<p dir=\"ltr\">El galard\u00f3n a la\u00a0Empresa del A\u00f1o\u00a0ha sido para\u00a0PcComponentes, una de las principales plataformas de tecnolog\u00eda a nivel nacional e internacional. En la categor\u00eda de\u00a0Premio a la Investigaci\u00f3n,\u00a0el galard\u00f3n ha sido otorgado a\u00a0Viva In Vitro,\u00a0por su destacado desarrollo de un dispositivo pionero que permite detectar la actividad del inflamasoma NLRP3 en pacientes con sepsis.\u00a0Hefame\u00a0ha sido distinguida con el\u00a0Premio a la Trayectoria Empresarial, destac\u00e1ndose por su firme compromiso con la sostenibilidad, la digitalizaci\u00f3n y su expansi\u00f3n internacional. El\u00a0Premio al Proyecto Innovador del A\u00f1o\u00a0fue entregado a\u00a0Emuasa\u00a0(Empresa Municipal de Aguas de Murcia) por su participaci\u00f3n en el proyecto LIFE CONQUER, una tecnolog\u00eda innovadora de nanofiltraci\u00f3n inteligente que permite la recuperaci\u00f3n de agua para riego urbano.<\/p>\n<p dir=\"ltr\">En cuanto a los premios en s\u00ed, la Fundaci\u00f3n Isaac Peral ha mantenido su tradici\u00f3n, entregando a los galardonados una figura creada a partir del busto de Isaac Peral, reproducida en 3D por el FABLAB de la Universidad Polit\u00e9cnica de Cartagena (UPCT), en colaboraci\u00f3n con el Servicio de Dise\u00f1o Industrial y C\u00e1lculo Cient\u00edfico (SEDIUPCT). Adem\u00e1s, los premiados recibieron, como obsequio, un lienzo del submarino de Isaac Peral, un homenaje al c\u00e9lebre inventor cartagenero, obra del ilustrador Ra\u00fal Arias.<\/p>\n<p dir=\"ltr\">La gala, presentada por la periodista Mar\u00eda Pina, dio comienzo con la intervenci\u00f3n de la alcaldesa de Cartagena,\u00a0Noelia Arroyo, como anfitriona en Cartagena.<\/p>\n<p dir=\"ltr\">El primer galard\u00f3n de la noche,\u00a0Premio a la Empresa del A\u00f1o, fue entregado a\u00a0PcComponentes\u00a0de manos de\u00a0Olga Garc\u00eda, Directora Territorial de CaixaBank y\u00a0Pietro Cassitta, Senior Marketing Manager de Volotea. En su discurso de agradecimiento,\u00a0Teresa Moreno, Directora de Marca y Comunicaci\u00f3n de Pc Componentes, se ha pronunciado sobre el rumbo hacia el que se dirige la compa\u00f1\u00eda, despu\u00e9s de casi 20 a\u00f1os de historia.<\/p>\n<p dir=\"ltr\">Mar\u00eda Visitaci\u00f3n Mart\u00ednez,\u00a0Presidenta de la Asamblea Regional de Murcia y\u00a0\u00a0Juan Antonio L\u00f3pez,\u00a0Tesorero de la Fundaci\u00f3n Isaac Peral, hicieron entrega del\u00a0Premio a la Investigaci\u00f3n\u00a0a\u00a0Viva In Vitro, representada por su cofundador,\u00a0Pablo Pelegr\u00edn, quien expuso el estado en el que se encuentra su proyecto, as\u00ed como los planes de expansi\u00f3n de sus investigaciones a otros campos.<\/p>\n<p dir=\"ltr\">El Premio\u00a0a la Trayectoria Empresarial\u00a0fue entregado a\u00a0Hefame, con\u00a0Alfonso Corbal\u00e1n, Presidente de la Fundaci\u00f3n, y\u00a0Noelia Arroyo, Alcaldesa de Cartagena, como encargados de la entrega.\u00a0Javier L\u00f3pez, Director General de Hefame, agradeci\u00f3 este homenaje, repasando algunas de las claves que han propiciado su \u00e9xito a lo largo de estos 75 a\u00f1os.<\/p>\n<p dir=\"ltr\">Finalmente, el\u00a0Premio al Proyecto Innovador del A\u00f1o, entregado a\u00a0Emuasa, fue presentado por la vicepresidenta de MTorres,\u00a0Yolanda Torres, y el presidente de la Regi\u00f3n de Murcia,\u00a0Fernando L\u00f3pez Miras. La directora general de Emuasa,\u00a0Inmaculada Serrano, se\u00f1al\u00f3 en su intervenci\u00f3n el gran compromiso del proyecto LIFE CONQUER con la sociedad regional, donde el agua se constituye como un bien tan preciado.<\/p>\n<p dir=\"ltr\">El presidente de la Fundaci\u00f3n Isaac Peral,\u00a0Alfonso Corbal\u00e1n, en su discurso, destac\u00f3 el papel crucial que juegan las empresas regionales en el impulso del desarrollo econ\u00f3mico y tecnol\u00f3gico. \u00abEsta noche celebramos el enorme talento, esfuerzo y capacidad innovadora de las empresas de la Regi\u00f3n, que son el motor del desarrollo econ\u00f3mico y tecnol\u00f3gico de nuestra regi\u00f3n. Desde la Fundaci\u00f3n Isaac Peral, estamos orgullosos de contar con l\u00edderes empresariales que, a trav\u00e9s de su compromiso con la investigaci\u00f3n, la sostenibilidad y la excelencia, no solo impulsan el crecimiento regional, sino que tambi\u00e9n contribuyen a posicionar a Murcia como un referente industrial a nivel nacional e internacional\u00bb.<\/p>\n<p dir=\"ltr\">El evento finaliz\u00f3 con unas palabras del presidente regional,\u00a0Fernando L\u00f3pez Miras, quien subray\u00f3 el compromiso del gobierno auton\u00f3mico con la industria tecnol\u00f3gica y la innovaci\u00f3n.<\/p>\n<p dir=\"ltr\">Una nutrida representaci\u00f3n del \u00e1mbito empresarial, acad\u00e9mico y pol\u00edtico se dio cita en la gala, incluyendo a los CEOs de las\u00a0empresas miembro\u00a0de la Fundaci\u00f3n Isaac Peral y diversas autoridades locales y regionales. Entre ellas, se encontraban\u00a0Mar\u00eda Luisa L\u00f3pez,\u00a0Consejera de Empresa, Econom\u00eda Social y Aut\u00f3nomos;\u00a0Miguel Mart\u00ednez,\u00a0Presidente de la C\u00e1mara de Comercio de Cartagena;\u00a0Jos\u00e9 Luj\u00e1n,\u00a0Rector de la Universidad de Murcia; y\u00a0Alejandro Cuerda,\u00a0Almirante del Arsenal de Cartagena.<\/p>\n<p dir=\"ltr\">Durante la velada, los asistentes disfrutaron de la m\u00fasica del grupo de jazz Katjazz, en un evento organizado por la agencia cartagenera Jaloque Comunicaci\u00f3n.<\/p>\n<p dir=\"ltr\">Los\u00a0Premios Fundaci\u00f3n Isaac Peral\u00a0buscan reconocer el esfuerzo y el m\u00e9rito de aquellas empresas, investigadores y organizaciones que contribuyen al desarrollo econ\u00f3mico, tecnol\u00f3gico e industrial de la Regi\u00f3n de Murcia, promoviendo un modelo de crecimiento sostenible e innovador. Toda la informaci\u00f3n sobre esta edici\u00f3n y sus premiados puede encontrarse en la p\u00e1gina web de la Fundaci\u00f3n:<a href=\"https:\/\/www.fundacionisaacperal.es\/premios\" target=\"_blank\" rel=\"noopener noreferrer\">\u00a0<\/a><a href=\"http:\/\/www.fundacionisaacperal.es\/\" target=\"_blank\" rel=\"noopener noreferrer\">www.fundacionisaacperal.es<\/a>.<\/p>\n<p dir=\"ltr\">Los galardones han contado con el apoyo y colaboraci\u00f3n de entidades y organizaciones tales como Asamblea Regional de Murcia, Ayuntamiento de Cartagena, Banco Sabadell, Caixabank, Cl\u00ednicas Oftalmol\u00f3gicas Centrofama, Estrella de Levante, Fama Sof\u00e1s, Grupo Corporativo Caliche, Grupo Fuertes, Grupo Hefame, Hidroconta, Himoinsa, Instituto de Fomento de la Regi\u00f3n de Murcia, Lhicarsa, M. Torres Dise\u00f1os Industriales,\u00a0 Universidad Polit\u00e9cnica de Cartagena, Volotea y Zamora Company.<\/p>\n<p dir=\"ltr\">Las empresas que integran la Fundaci\u00f3n son: AMC Global, AURUM, Autoridad Portuaria de Cartagena, Auxiliar Conservera, Bionet, Estrella de Levante, El Dulze Growers, Enag\u00e1s, Fama Sof\u00e1s, Fundaci\u00f3n Sabic, Grupo Caliche, Grupo Fuertes, Grupo Hefame, Grupo Huertas, Hidroconta, Hidrogea, Himoinsa, IDOM, Indra, Instituto de Fomento de la Regi\u00f3n de Murcia, MTorres, Navantia, Nawter, Postres Reina, PrimaFrio, Repsol y Zamora Company.<\/p>\n<p dir=\"ltr\">\n<p dir=\"ltr\">Fuente: Maite Arocas<\/p>\n","protected":false},"excerpt":{"rendered":"<p>Emuasa, Hefame, Viva In Vitro y PcComponentes han sido los galardonados en la segunda edici\u00f3n de los Premios Fundaci\u00f3n Isaac Peral (FIP) La gala ha tenido lugar en el sal\u00f3n de actos Isaac Peral del edificio CIM-UPCT de Cartagena M\u00e1s de doscientos representantes del mundo pol\u00edtico, social y empresarial de la Regi\u00f3n de Murcia han [&hellip;]<\/p>\n","protected":false},"author":2,"featured_media":1568,"comment_status":"open","ping_status":"open","sticky":false,"template":"","format":"standard","meta":{"footnotes":""},"categories":[5],"tags":[],"class_list":["post-1567","post","type-post","status-publish","format-standard","has-post-thumbnail","hentry","category-noticias"],"_links":{"self":[{"href":"http:\/\/radiounion.es\/index.php\/wp-json\/wp\/v2\/posts\/1567","targetHints":{"allow":["GET"]}}],"collection":[{"href":"http:\/\/radiounion.es\/index.php\/wp-json\/wp\/v2\/posts"}],"about":[{"href":"http:\/\/radiounion.es\/index.php\/wp-json\/wp\/v2\/types\/post"}],"author":[{"embeddable":true,"href":"http:\/\/radiounion.es\/index.php\/wp-json\/wp\/v2\/users\/2"}],"replies":[{"embeddable":true,"href":"http:\/\/radiounion.es\/index.php\/wp-json\/wp\/v2\/comments?post=1567"}],"version-history":[{"count":1,"href":"http:\/\/radiounion.es\/index.php\/wp-json\/wp\/v2\/posts\/1567\/revisions"}],"predecessor-version":[{"id":1569,"href":"http:\/\/radiounion.es\/index.php\/wp-json\/wp\/v2\/posts\/1567\/revisions\/1569"}],"wp:featuredmedia":[{"embeddable":true,"href":"http:\/\/radiounion.es\/index.php\/wp-json\/wp\/v2\/media\/1568"}],"wp:attachment":[{"href":"http:\/\/radiounion.es\/index.php\/wp-json\/wp\/v2\/media?parent=1567"}],"wp:term":[{"taxonomy":"category","embeddable":true,"href":"http:\/\/radiounion.es\/index.php\/wp-json\/wp\/v2\/categories?post=1567"},{"taxonomy":"post_tag","embeddable":true,"href":"http:\/\/radiounion.es\/index.php\/wp-json\/wp\/v2\/tags?post=1567"}],"curies":[{"name":"wp","href":"https:\/\/api.w.org\/{rel}","templated":true}]}}