{"id":1578,"date":"2024-10-24T11:10:28","date_gmt":"2024-10-24T09:10:28","guid":{"rendered":"https:\/\/radiounion.es\/?p=1578"},"modified":"2024-10-24T11:21:17","modified_gmt":"2024-10-24T09:21:17","slug":"el-viii-festival-flamenco-mediterraneo-recibe-a-los-ganadores-del-cante-de-las-minas-2024","status":"publish","type":"post","link":"http:\/\/radiounion.es\/index.php\/2024\/10\/24\/el-viii-festival-flamenco-mediterraneo-recibe-a-los-ganadores-del-cante-de-las-minas-2024\/","title":{"rendered":"El VIII Festival Flamenco Mediterr\u00e1neo recibe a los ganadores del Cante de las Minas 2024"},"content":{"rendered":"<p><strong>El escenario del VIII Festival Flamenco Mediterr\u00e1<\/strong><strong>neo se iluminar<\/strong><strong>\u00e1 el pr\u00f3ximo 23 de noviembre en Alicante, con el talento excepcional de los artistas que han conquistado los m\u00e1ximos galardones en el prestigioso Festival Internacional del Cante de las Minas de La Uni\u00f3n.<\/strong><\/p>\n<p>La <strong>Fundaci\u00f3<\/strong><strong>n Mediterr<\/strong><strong>\u00e1<\/strong><strong>neo<\/strong> anuncia la <strong>octava edici\u00f3<\/strong><strong>n del Festival Flamenco Mediterr<\/strong><strong>\u00e1<\/strong><strong>neo<\/strong>, consolidado como uno de los eventos m\u00e1s destacados del arte jondo en la ciudad de Alicante.<\/p>\n<p>El pr\u00f3ximo <strong>23 de noviembre<\/strong>, el VIII Festival Flamenco Mediterr\u00e1neo acoger\u00e1 la <strong>Gala de Ganadores del Festival Internacional del Cante de las Minas<\/strong>, en la que los galardonados de la edici\u00f3n <strong>LXIII<\/strong> de <strong>2024<\/strong> en La Uni\u00f3n mostrar\u00e1n su talento en las categor\u00edas de cante, guitarra, baile e instrumentista flamenco. Los artistas que actuar\u00e1n son: el cantaor <strong>Jes<\/strong><strong>\u00fa<\/strong><strong>s Corbacho<\/strong><strong> &#8211;<\/strong>ganador del trofeo \u2018<strong>L\u00e1<\/strong><strong>mpara Minera<\/strong><strong>\u2019<\/strong>-, el guitarrista <strong>Joni Jim<\/strong><strong>\u00e9<\/strong><strong>nez <\/strong>-ganador del trofeo \u00a0\u2018<strong>Bord\u00f3n Minero\u2019<\/strong>-, la bailaora japonesa <strong>La Yunko <\/strong>-ganadora del trofeo \u2018<strong>Desplante Femenino<\/strong><strong>&#8216;-<\/strong> y el violonchelista <strong>Jos<\/strong><strong>\u00e9 <\/strong><strong>&#8216;El Marqu<\/strong><strong>\u00e9<\/strong><strong>s\u2019<\/strong> -ganador del trofeo <strong>Fil\u00f3n<\/strong> al mejor instrumentista flamenco-.<\/p>\n<p>Adem\u00e1s de una programaci\u00f3n de gran calidad que conjuga lo mejor del Cante de las Minas con propuestas de fusi\u00f3n contempor\u00e1nea, el Festival de Flamenco de la Fundaci\u00f3n Mediterr\u00e1neo tambi\u00e9n ofrecer\u00e1 una programaci\u00f3n de actividades paralelas como talleres, clases magistrales, conferencias, cine documental, concurso de fotograf\u00eda y exposici\u00f3n de las obras ganadoras.<\/p>\n<p>&nbsp;<\/p>\n<p>Seg\u00fan palabras del presidente de la Fundaci\u00f3n Cante de las Minas, <strong>Joaqu<\/strong><strong>\u00edn Zapata<\/strong>: <em>\u201c<\/em><em>Para la Fundaci\u00f3n Cante de las Minas es un placer volver a colaborar con la Fundaci\u00f3<\/em><em>n Mediterr<\/em><em>\u00e1neo. Procuramos ser siempre embajadores de nuestra cultura y que nuestros ganadores de los concursos est<\/em><em>\u00e9<\/em><em>n un a<\/em><em>\u00f1o m\u00e1s en este festival acredita el inter<\/em><em>\u00e9<\/em><em>s del p\u00fablico y de las instituciones por el Cante de las Minas\u201d<\/em>.<\/p>\n<p>&nbsp;<\/p>\n<p>El festival se desarrollar\u00e1 entre el <strong>24 de octubre<\/strong> y el <strong>1 de diciembre de 2024<\/strong>, ofreciendo una programaci\u00f3n variada con artistas de renombre internacional, conferencias y actividades formativas que encantar\u00e1n a los amantes del flamenco.<\/p>\n<p>El <strong>evento inaugural<\/strong> tendr\u00e1 lugar el <strong>24 de octubre<\/strong> a las 19:00 horas, donde se exhibir\u00e1n las im\u00e1genes ganadoras del concurso de fotograf\u00eda del festival. El espect\u00e1culo de apertura de cante y guitarra estar\u00e1 a cargo de <strong>Ismael De La Rosa <\/strong><strong>\u2018El Bola\u2019<\/strong> y <strong>El Peli<\/strong>.<\/p>\n<p>El <strong>7 de noviembre<\/strong>, la bailaora y maestra <strong>Fefa G\u00f3mez<\/strong> impartir\u00e1 la conferencia titulada <em>\u2018<\/em>La profesionalizaci\u00f3n del flamenco en Alicante<em>\u2019<\/em>, ofreciendo una perspectiva \u00edntima del proceso de profesionalizaci\u00f3n en el flamenco y su impacto en la escena cultural alicantina.<\/p>\n<p>El <strong>9 de noviembre<\/strong>, la reconocida cantaora granadina <strong>Marina Heredia<\/strong> presentar\u00e1 su espect\u00e1culo \u2018Un recorrido por los palos del flamenco\u2019.<\/p>\n<p>El <strong>16 de noviembre<\/strong>, ser\u00e1 el turno de la bailaora <strong>Luc\u00ed<\/strong><strong>a La Pi<\/strong><strong>\u00f1ona<\/strong> con su espect\u00e1culo \u2018Insaciable\u2019.<\/p>\n<p>Finalmente, el <strong>30 de noviembre<\/strong>, los bailaores <strong>Miguel <\/strong><strong>\u00c1ngel Heredia<\/strong> y <strong>Alberto Sell<\/strong><strong>\u00e9<\/strong><strong>s<\/strong> presentar\u00e1n \u2018Tr\u00e9mula\u2019, un espect\u00e1culo \u00edntimo y apasionado que explora los caminos de la emoci\u00f3n a trav\u00e9s del baile flamenco.<\/p>\n<p>La programaci\u00f3n se completa con la exposici\u00f3n de fotograf\u00edas del <strong>\u2018<\/strong><strong>Concurso de Fotograf<\/strong><strong>\u00ed<\/strong><strong>a de Flamenco<\/strong><strong>\u2019<\/strong> y un ciclo de documentales que extender\u00e1 la agenda cultural hasta el mes de diciembre.<\/p>\n<p>El presidente de la Fundaci\u00f3n Mediterr\u00e1neo, <strong>Luis Boyer<\/strong>, ha se\u00f1alado que <em>\u201c<\/em><em>este festival es una oportunidad para mostrar el talento de grandes figuras del flamenco y ofrecer al p\u00fablico la posibilidad de disfrutar de espect\u00e1culos de primer nivel en nuestras sedes de Alicante y Murcia\u201d<\/em>.<\/p>\n<p>Desde su creaci\u00f3n, la <strong>Fundaci\u00f3<\/strong><strong>n Mediterr<\/strong><strong>\u00e1<\/strong><strong>neo<\/strong> se ha dedicado a difundir y fomentar el conocimiento y las artes a trav\u00e9s de conciertos, eventos esc\u00e9nicos, audiovisuales y conferencias con grandes ponentes, con el objetivo de crecer y hacer crecer a las personas y la sociedad.<\/p>\n<p>Por su parte, la <strong>Fundaci\u00f3n Cante de las Minas<\/strong> tiene como misi\u00f3n promover, difundir y preservar el arte flamenco, declarado Patrimonio Cultural Inmaterial de la Humanidad por la UNESCO, en todas sus expresiones. Su objetivo principal es salvaguardar las tradiciones flamencas, especialmente aquellas propias de la regi\u00f3n de Murcia y, en particular, de la comarca de La Uni\u00f3n, fruto de la inmigraci\u00f3n durante la \u00e9poca \u00e1lgida de la miner\u00eda de la zona.<\/p>\n","protected":false},"excerpt":{"rendered":"<p>El escenario del VIII Festival Flamenco Mediterr\u00e1neo se iluminar\u00e1 el pr\u00f3ximo 23 de noviembre en Alicante, con el talento excepcional de los artistas que han conquistado los m\u00e1ximos galardones en el prestigioso Festival Internacional del Cante de las Minas de La Uni\u00f3n. La Fundaci\u00f3n Mediterr\u00e1neo anuncia la octava edici\u00f3n del Festival Flamenco Mediterr\u00e1neo, consolidado como [&hellip;]<\/p>\n","protected":false},"author":2,"featured_media":1579,"comment_status":"open","ping_status":"open","sticky":false,"template":"","format":"standard","meta":{"footnotes":""},"categories":[5],"tags":[],"class_list":["post-1578","post","type-post","status-publish","format-standard","has-post-thumbnail","hentry","category-noticias"],"_links":{"self":[{"href":"http:\/\/radiounion.es\/index.php\/wp-json\/wp\/v2\/posts\/1578","targetHints":{"allow":["GET"]}}],"collection":[{"href":"http:\/\/radiounion.es\/index.php\/wp-json\/wp\/v2\/posts"}],"about":[{"href":"http:\/\/radiounion.es\/index.php\/wp-json\/wp\/v2\/types\/post"}],"author":[{"embeddable":true,"href":"http:\/\/radiounion.es\/index.php\/wp-json\/wp\/v2\/users\/2"}],"replies":[{"embeddable":true,"href":"http:\/\/radiounion.es\/index.php\/wp-json\/wp\/v2\/comments?post=1578"}],"version-history":[{"count":1,"href":"http:\/\/radiounion.es\/index.php\/wp-json\/wp\/v2\/posts\/1578\/revisions"}],"predecessor-version":[{"id":1580,"href":"http:\/\/radiounion.es\/index.php\/wp-json\/wp\/v2\/posts\/1578\/revisions\/1580"}],"wp:featuredmedia":[{"embeddable":true,"href":"http:\/\/radiounion.es\/index.php\/wp-json\/wp\/v2\/media\/1579"}],"wp:attachment":[{"href":"http:\/\/radiounion.es\/index.php\/wp-json\/wp\/v2\/media?parent=1578"}],"wp:term":[{"taxonomy":"category","embeddable":true,"href":"http:\/\/radiounion.es\/index.php\/wp-json\/wp\/v2\/categories?post=1578"},{"taxonomy":"post_tag","embeddable":true,"href":"http:\/\/radiounion.es\/index.php\/wp-json\/wp\/v2\/tags?post=1578"}],"curies":[{"name":"wp","href":"https:\/\/api.w.org\/{rel}","templated":true}]}}