{"id":1823,"date":"2025-02-20T10:40:12","date_gmt":"2025-02-20T09:40:12","guid":{"rendered":"https:\/\/radiounion.es\/?p=1823"},"modified":"2025-02-20T11:18:02","modified_gmt":"2025-02-20T10:18:02","slug":"el-cante-de-las-minas-presentara-en-el-teatro-real","status":"publish","type":"post","link":"http:\/\/radiounion.es\/index.php\/2025\/02\/20\/el-cante-de-las-minas-presentara-en-el-teatro-real\/","title":{"rendered":"El Cante de las Minas se presentar\u00e1 en el Teatro Real"},"content":{"rendered":"<p><strong>Por primera vez, el Festival Internacional del Cante de las Minas, el certamen de flamenco m\u00e1s prestigioso del mundo, se presenta en el Teatro Real de Madrid, la instituci\u00f3n art\u00edstica m\u00e1s importante de Espa\u00f1a.<\/strong><\/p>\n<p><strong>Esta alianza marca el inicio de una nueva era de colaboraci\u00f3n entre dos referentes de la cultura: el templo del flamenco y el escenario donde han brillado las mayores figuras de la m\u00fasica y las artes esc\u00e9nicas.<\/strong><\/p>\n<p><strong>La programaci\u00f3n de la LXIV edici\u00f3n del festival se dar\u00e1 a conocer en un acto \u00fanico, con la presencia de autoridades, instituciones y figuras destacadas del flamenco.<\/strong><\/p>\n<p>Madrid ser\u00e1 testigo de un momento hist\u00f3rico para el flamenco y la cultura espa\u00f1ola. Por primera vez, el Festival Internacional del Cante de las Minas ser\u00e1 presentado en el Teatro Real de Madrid, la m\u00e1xima instituci\u00f3n esc\u00e9nica del pa\u00eds, el espacio donde han resonado las voces m\u00e1s legendarias de la \u00f3pera y donde se han representado las producciones m\u00e1s grandiosas de la historia de la m\u00fasica.<\/p>\n<p>La uni\u00f3n de estas dos instituciones es mucho m\u00e1s que una presentaci\u00f3n: es el reconocimiento absoluto del flamenco como arte supremo, elev\u00e1ndolo al nivel de las m\u00e1s grandes expresiones art\u00edsticas. Los mejores del flamenco y los mejores del teatro se unen en una sinergia sin precedentes.<\/p>\n<p>Este evento contar\u00e1 con la presencia del alcalde de La Uni\u00f3n y presidente de la Fundaci\u00f3n Cante de las Minas, Joaqu\u00edn Zapata Garc\u00eda, el director general del Teatro Real, Ignacio Garc\u00eda-Belenguer, la consejera de Cultura de la Regi\u00f3n de Murcia, Carmen Mar\u00eda Conesa, as\u00ed como representantes institucionales y figuras clave del mundo del flamenco.<\/p>\n<p>Un escenario que ha hecho historia\u2026 y el flamenco ya forma parte de ella<\/p>\n<p>El Teatro Real, fundado en 1850, ha sido testigo de las m\u00e1s espectaculares representaciones oper\u00edsticas, ballets y conciertos sinf\u00f3nicos. Su escenario ha acogido a artistas de la talla de Pl\u00e1cido Domingo, Luciano Pavarotti y Mar\u00eda Callas, as\u00ed como las grandes producciones de la \u00f3pera mundial.<\/p>\n<p>Ahora, el Cante de las Minas se suma a esta historia de excelencia. El mejor festival de flamenco del mundo entra por la puerta grande al mejor teatro del pa\u00eds. Por primera vez, el flamenco minero se presenta en un escenario que ha sido testigo de las grandes obras maestras de la m\u00fasica.<\/p>\n<p>&nbsp;<\/p>\n<p>Este no ser\u00e1 un encuentro pasajero. El Festival del Cante de las Minas y el Teatro Real comienzan un camino de colaboraci\u00f3n, con futuras iniciativas que consolidar\u00e1n el flamenco en el escenario m\u00e1s prestigioso de Espa\u00f1a. El Teatro Real lleva a\u00f1os apostando por el flamenco con su ciclo Flamenco Real y ahora da un paso m\u00e1s all\u00e1 al unirse con el festival m\u00e1s importante del mundo.<\/p>\n<p>El alcalde de La Uni\u00f3n, Joaqu\u00edn Zapata, subraya la trascendencia de este momento:<\/p>\n<p>\u201cLlevar el Cante de las Minas al Teatro Real es situar el flamenco en el lugar que se merece: en la cumbre de las artes esc\u00e9nicas. Este no es solo un evento, es el inicio de una nueva etapa donde el mejor festival de flamenco del mundo y el mejor teatro de Espa\u00f1a trabajar\u00e1n juntos para seguir haciendo historia\u201d.<\/p>\n<p>La LXIV edici\u00f3n del Festival Internacional del Cante de las Minas, que se celebrar\u00e1 en La Uni\u00f3n del 30 de julio al 9 de agosto, se presenta as\u00ed con un respaldo sin precedentes. Este evento refuerza la posici\u00f3n del festival como el gran referente del flamenco a nivel mundial, con un impacto que trasciende fronteras y generaciones.<\/p>\n<p>&nbsp;<\/p>\n","protected":false},"excerpt":{"rendered":"<p>Por primera vez, el Festival Internacional del Cante de las Minas, el certamen de flamenco m\u00e1s prestigioso del mundo, se presenta en el Teatro Real de Madrid, la instituci\u00f3n art\u00edstica m\u00e1s importante de Espa\u00f1a. Esta alianza marca el inicio de una nueva era de colaboraci\u00f3n entre dos referentes de la cultura: el templo del flamenco [&hellip;]<\/p>\n","protected":false},"author":2,"featured_media":1824,"comment_status":"open","ping_status":"open","sticky":false,"template":"","format":"standard","meta":{"footnotes":""},"categories":[5],"tags":[],"class_list":["post-1823","post","type-post","status-publish","format-standard","has-post-thumbnail","hentry","category-noticias"],"_links":{"self":[{"href":"http:\/\/radiounion.es\/index.php\/wp-json\/wp\/v2\/posts\/1823","targetHints":{"allow":["GET"]}}],"collection":[{"href":"http:\/\/radiounion.es\/index.php\/wp-json\/wp\/v2\/posts"}],"about":[{"href":"http:\/\/radiounion.es\/index.php\/wp-json\/wp\/v2\/types\/post"}],"author":[{"embeddable":true,"href":"http:\/\/radiounion.es\/index.php\/wp-json\/wp\/v2\/users\/2"}],"replies":[{"embeddable":true,"href":"http:\/\/radiounion.es\/index.php\/wp-json\/wp\/v2\/comments?post=1823"}],"version-history":[{"count":3,"href":"http:\/\/radiounion.es\/index.php\/wp-json\/wp\/v2\/posts\/1823\/revisions"}],"predecessor-version":[{"id":1827,"href":"http:\/\/radiounion.es\/index.php\/wp-json\/wp\/v2\/posts\/1823\/revisions\/1827"}],"wp:featuredmedia":[{"embeddable":true,"href":"http:\/\/radiounion.es\/index.php\/wp-json\/wp\/v2\/media\/1824"}],"wp:attachment":[{"href":"http:\/\/radiounion.es\/index.php\/wp-json\/wp\/v2\/media?parent=1823"}],"wp:term":[{"taxonomy":"category","embeddable":true,"href":"http:\/\/radiounion.es\/index.php\/wp-json\/wp\/v2\/categories?post=1823"},{"taxonomy":"post_tag","embeddable":true,"href":"http:\/\/radiounion.es\/index.php\/wp-json\/wp\/v2\/tags?post=1823"}],"curies":[{"name":"wp","href":"https:\/\/api.w.org\/{rel}","templated":true}]}}