{"id":2297,"date":"2025-08-05T08:31:16","date_gmt":"2025-08-05T06:31:16","guid":{"rendered":"https:\/\/radiounion.es\/?p=2297"},"modified":"2025-08-05T08:31:16","modified_gmt":"2025-08-05T06:31:16","slug":"sara-baras-eleva-su-baile-al-cielo-de-paco-de-lucia","status":"publish","type":"post","link":"http:\/\/radiounion.es\/index.php\/2025\/08\/05\/sara-baras-eleva-su-baile-al-cielo-de-paco-de-lucia\/","title":{"rendered":"Sara Baras eleva su baile al  cielo de Paco de Luc\u00eda"},"content":{"rendered":"<p>Una silla se ilumina en el centro del escenario y suena una guitarra. Se suma, a\u00fan muy t\u00edmido, un taconeo, y unos rayos de luz, que simulan las seis cuerdas, atraviesan de un lado a otro la escena, como si de una se\u00f1al del cielo se tratara; como si de esa silla emanara una presencia y unas melod\u00edas que solo un nombre pod\u00eda representar con esa magia tan caracter\u00edstica que invad\u00eda la \u2018Catedral del Cante\u2019 anoche. As\u00ed fue como Sara Baras permiti\u00f3 visualizar, con un juego de luz y sonido, de nuevo a Paco de Luc\u00eda sobre ese escenario.<\/p>\n<p>&nbsp;<\/p>\n<p>\u2018Madera\u2019 ten\u00eda como t\u00edtulo este primer acto del espect\u00e1culo \u2018Vuela\u2019, con el que la artista gaditana rinde homenaje a su paisano desde el cari\u00f1o y el amor que se profesaban, y celebrando a la vez el 25 aniversario de su compa\u00f1\u00eda, que pr\u00e1cticamente se estren\u00f3 en el Antiguo Mercado P\u00fablico de La Uni\u00f3n. Este primer bloque \u201crepresenta la tradici\u00f3n\u201d, seg\u00fan la propia Sara. Por eso apareci\u00f3 en escena y se sent\u00f3 en esa silla para comenzar su taconeo, ahora con fuerza, junto al director musical del espect\u00e1culo, Keko Baldomero. En casi penumbra, con la elegancia que la caracteriza, empez\u00f3 a hacer los primeros gui\u00f1os al cielo. No hubo que esperar mucho para que sonara una minera en este templo del flamenco, titulada \u2018Voz\u2019, porque la noche quer\u00eda descifrar, a trav\u00e9s de 15 piezas, el lenguaje del flamenco con \u201ccanciones de Paco y para Paco\u201d. Con \u2018Ritmo\u2019 su cuerpo de baile sal\u00eda a escena y mostraban, a golpe de bast\u00f3n, una perfecta sincronizaci\u00f3n que dar\u00eda paso a un segundo acto, \u201cque representa el amor que le ten\u00eda al mar y a su tierra\u201d.<\/p>\n<p>&nbsp;<\/p>\n<p>\u2018Mar\u2019 fue una serie de elementos que trajeron los tientos y las alegr\u00edas, con un vestido blanco que parec\u00eda estar mecido por las olas. Y del blanco pas\u00f3 al negro, al luto m\u00e1s profundo, introducido por el sonido de unas campanas y un baile junto a Daniel Saltares donde rein\u00f3 la sobriedad. \u2018Con lo mucho que yo lo quer\u00eda \/ se fue de mi vera \/ se fue pa\u2019 siempre\u201d cantaba la voz de May Fern\u00e1ndez, que comparti\u00f3 la noche junto a una ya conocida por este templo flamenco: la de \u2018El Mati\u2019, ganador de la \u2018L\u00e1mpara Minera\u2019 en 2019.<\/p>\n<p>&nbsp;<\/p>\n<p>Durante todo el espect\u00e1culo, el baile entre Sara Baras y la penumbra fue una constante. Tambi\u00e9n los silencios, reflexivos y expresivos a trav\u00e9s de sus manos y el movimiento de su cuerpo. Como el momento en el que parece haber depositado una flor en la tumba del guitarrista de Algeciras, como una ofrenda, cuyo dramatismo se plasmar\u00eda en una saeta en la que sus taconeos retumbaban como el sonido de un tambor. En todo momento Paco de Luc\u00eda parece estar presente, a su lado.<\/p>\n<p>Pero el mensaje que quiere transmitir la bailaora en este espect\u00e1culo es \u201cla celebraci\u00f3n de la vida a trav\u00e9s de los sentimientos de la m\u00fasica y el baile\u201d. \u201cVolar es el maestro, porque con su m\u00fasica volamos todos\u201d, indica, pero le da el enfoque de un recuerdo de la p\u00e9rdida alejado de la tristeza y la rabia para hacerla con agradecimiento y alegr\u00eda, \u201cpor haberlo tenido en nuestra vida\u201d.<\/p>\n<p>&nbsp;<\/p>\n<p>\u201cTe tengo maestro aqu\u00ed \/ por eso puedo sentir \/ que tu coraz\u00f3n en m\u00ed vuela\u201d, cantaban, acompa\u00f1ados de la guitarra de Baldomero y Andr\u00e9s Mart\u00ednez, la percusi\u00f3n de Rafael Moreno y el viol\u00edn de Alexis Lefevre.<\/p>\n<p>&nbsp;<\/p>\n<p><strong>Un p\u00fablico que la ha visto crecer<\/strong><\/p>\n<p>&nbsp;<\/p>\n<p>La presencia de Sara Baras en el escenario hace que no se necesite nada m\u00e1s para transmitir la verdad de su arte. Tiene esa capacidad de simular un coraz\u00f3n que late con el pulso de sus pies, sobrecogiendo a quien la ve en su propio vuelo encima del escenario. A pesar de que \u2018Vuela\u2019 lleva m\u00e1s de 127 funciones y que la artista ha estado presente en diferentes pa\u00edses, minutos antes de volver a ese escenario afirmaba estar a\u00fan m\u00e1s nerviosa que el primer d\u00eda. \u201cEstoy s\u00faper contenta de estar aqu\u00ed, pero nerviosa por la responsabilidad de volver a un festival tan importante y que quiero tanto, y que, encima, me ha mostrado siempre su cari\u00f1o y me ha visto crecer\u201d, afirmaba, recordando que fue en el 1997 cuando vino por primera vez, as\u00ed como su nombre en la \u2018Avenida del Flamenco\u2019 o su \u2018Castillete de Oro\u2019 en 2012. Pero fue pisar ese conocido escenario y Sara volvi\u00f3 a sentirse como en casa.<\/p>\n<p>&nbsp;<\/p>\n<p>El p\u00fablico, que agot\u00f3 localidades hace ya m\u00e1s de un mes, correspondi\u00f3 hasta el cuarto acto, \u2018Volar\u2019, y tras llegar hasta las butacas el sonido de un grito a viva voz de \u201cTe quiero, La Uni\u00f3n\u201d, se puso en pie y volvi\u00f3 a demostrar que Sara Baras en La Uni\u00f3n siempre es bienvenida.<\/p>\n<p>&nbsp;<\/p>\n<p><strong>\u00a0<\/strong><\/p>\n<p>&nbsp;<\/p>\n","protected":false},"excerpt":{"rendered":"<p>Una silla se ilumina en el centro del escenario y suena una guitarra. Se suma, a\u00fan muy t\u00edmido, un taconeo, y unos rayos de luz, que simulan las seis cuerdas, atraviesan de un lado a otro la escena, como si de una se\u00f1al del cielo se tratara; como si de esa silla emanara una presencia [&hellip;]<\/p>\n","protected":false},"author":2,"featured_media":2298,"comment_status":"closed","ping_status":"closed","sticky":false,"template":"","format":"standard","meta":{"footnotes":""},"categories":[5],"tags":[],"class_list":["post-2297","post","type-post","status-publish","format-standard","has-post-thumbnail","hentry","category-noticias"],"_links":{"self":[{"href":"http:\/\/radiounion.es\/index.php\/wp-json\/wp\/v2\/posts\/2297","targetHints":{"allow":["GET"]}}],"collection":[{"href":"http:\/\/radiounion.es\/index.php\/wp-json\/wp\/v2\/posts"}],"about":[{"href":"http:\/\/radiounion.es\/index.php\/wp-json\/wp\/v2\/types\/post"}],"author":[{"embeddable":true,"href":"http:\/\/radiounion.es\/index.php\/wp-json\/wp\/v2\/users\/2"}],"replies":[{"embeddable":true,"href":"http:\/\/radiounion.es\/index.php\/wp-json\/wp\/v2\/comments?post=2297"}],"version-history":[{"count":1,"href":"http:\/\/radiounion.es\/index.php\/wp-json\/wp\/v2\/posts\/2297\/revisions"}],"predecessor-version":[{"id":2299,"href":"http:\/\/radiounion.es\/index.php\/wp-json\/wp\/v2\/posts\/2297\/revisions\/2299"}],"wp:featuredmedia":[{"embeddable":true,"href":"http:\/\/radiounion.es\/index.php\/wp-json\/wp\/v2\/media\/2298"}],"wp:attachment":[{"href":"http:\/\/radiounion.es\/index.php\/wp-json\/wp\/v2\/media?parent=2297"}],"wp:term":[{"taxonomy":"category","embeddable":true,"href":"http:\/\/radiounion.es\/index.php\/wp-json\/wp\/v2\/categories?post=2297"},{"taxonomy":"post_tag","embeddable":true,"href":"http:\/\/radiounion.es\/index.php\/wp-json\/wp\/v2\/tags?post=2297"}],"curies":[{"name":"wp","href":"https:\/\/api.w.org\/{rel}","templated":true}]}}