{"id":2300,"date":"2025-08-05T08:33:26","date_gmt":"2025-08-05T06:33:26","guid":{"rendered":"https:\/\/radiounion.es\/?p=2300"},"modified":"2025-08-05T08:33:26","modified_gmt":"2025-08-05T06:33:26","slug":"pepe-de-lucia-ya-forma-parte-del-paseo-de-la-fama-del-flamenco","status":"publish","type":"post","link":"http:\/\/radiounion.es\/index.php\/2025\/08\/05\/pepe-de-lucia-ya-forma-parte-del-paseo-de-la-fama-del-flamenco\/","title":{"rendered":"Pepe de Luc\u00eda ya forma parte del paseo  de la fama del flamenco"},"content":{"rendered":"<p>La \u2018Avenida del Flamenco\u2019 brilla este a\u00f1o m\u00e1s que nunca. Y es que este particular paseo de la fama del flamenco no para de sumar estrellas que este a\u00f1o llegan hasta La Uni\u00f3n para formar parte de la 64\u00aa edici\u00f3n del Festival Internacional del Cante de las Minas. Tras el descubrimiento ayer de la placa en honor a Antonio Rey, la cuarta jornada del encuentro ha servido de marco para que uno de los grandes nombres del cante flamenco tambi\u00e9n est\u00e9 presente en este espacio: Pepe de Luc\u00eda.<\/p>\n<p>&nbsp;<\/p>\n<p>El cantaor, compositor y productor de flamenco ha sido uno de los grandes protagonistas de la jornada con la entrega del \u2018Castillete de Oro\u2019 que ha tenido lugar esta tarde dentro de la Agenda Cultural. Ha sido al finalizar la gala de Sara Baras en homenaje a su hermano Paco de Luc\u00eda, cuando ambos se han dirigido hasta la Plaza Joaqu\u00edn Costa para proceder a descubrir la placa e inaugurarla.<\/p>\n<p>&nbsp;<\/p>\n<p>El v\u00ednculo entre ambos es muy cercano. \u201cYo quiero much\u00edsimo a Pepe y para m\u00ed hoy es un doble regalo el actuar y tambi\u00e9n salir y acompa\u00f1arlo y estar a su lado\u201d, indicaba la bailaora minutos antes de su espect\u00e1culo. Tal ha sido la alegr\u00eda de que el cantaor de Algeciras se sume al nombre de la bailaora y a su hermano en esta \u2018Avenida del Flamenco\u2019, que entre palmas y ol\u00e9s Pepe ha empezado a cantar y Sara le ha correspondido con un taconeo improvisado. Un momento hist\u00f3rico que han regalado a quienes no han querido perderse este momento y que ha servido de broche de una noche inolvidable para el Cante de las Minas.<\/p>\n","protected":false},"excerpt":{"rendered":"<p>La \u2018Avenida del Flamenco\u2019 brilla este a\u00f1o m\u00e1s que nunca. Y es que este particular paseo de la fama del flamenco no para de sumar estrellas que este a\u00f1o llegan hasta La Uni\u00f3n para formar parte de la 64\u00aa edici\u00f3n del Festival Internacional del Cante de las Minas. Tras el descubrimiento ayer de la placa [&hellip;]<\/p>\n","protected":false},"author":2,"featured_media":2301,"comment_status":"closed","ping_status":"closed","sticky":false,"template":"","format":"standard","meta":{"footnotes":""},"categories":[5],"tags":[],"class_list":["post-2300","post","type-post","status-publish","format-standard","has-post-thumbnail","hentry","category-noticias"],"_links":{"self":[{"href":"http:\/\/radiounion.es\/index.php\/wp-json\/wp\/v2\/posts\/2300","targetHints":{"allow":["GET"]}}],"collection":[{"href":"http:\/\/radiounion.es\/index.php\/wp-json\/wp\/v2\/posts"}],"about":[{"href":"http:\/\/radiounion.es\/index.php\/wp-json\/wp\/v2\/types\/post"}],"author":[{"embeddable":true,"href":"http:\/\/radiounion.es\/index.php\/wp-json\/wp\/v2\/users\/2"}],"replies":[{"embeddable":true,"href":"http:\/\/radiounion.es\/index.php\/wp-json\/wp\/v2\/comments?post=2300"}],"version-history":[{"count":1,"href":"http:\/\/radiounion.es\/index.php\/wp-json\/wp\/v2\/posts\/2300\/revisions"}],"predecessor-version":[{"id":2302,"href":"http:\/\/radiounion.es\/index.php\/wp-json\/wp\/v2\/posts\/2300\/revisions\/2302"}],"wp:featuredmedia":[{"embeddable":true,"href":"http:\/\/radiounion.es\/index.php\/wp-json\/wp\/v2\/media\/2301"}],"wp:attachment":[{"href":"http:\/\/radiounion.es\/index.php\/wp-json\/wp\/v2\/media?parent=2300"}],"wp:term":[{"taxonomy":"category","embeddable":true,"href":"http:\/\/radiounion.es\/index.php\/wp-json\/wp\/v2\/categories?post=2300"},{"taxonomy":"post_tag","embeddable":true,"href":"http:\/\/radiounion.es\/index.php\/wp-json\/wp\/v2\/tags?post=2300"}],"curies":[{"name":"wp","href":"https:\/\/api.w.org\/{rel}","templated":true}]}}