{"id":2303,"date":"2025-08-05T08:35:49","date_gmt":"2025-08-05T06:35:49","guid":{"rendered":"https:\/\/radiounion.es\/?p=2303"},"modified":"2025-08-05T08:35:49","modified_gmt":"2025-08-05T06:35:49","slug":"jesus-carmona-une-su-taconeo-a-la-catedral-del-cante-en-un-juego-de-poderio-entre-silencios-y-luces","status":"publish","type":"post","link":"http:\/\/radiounion.es\/index.php\/2025\/08\/05\/jesus-carmona-une-su-taconeo-a-la-catedral-del-cante-en-un-juego-de-poderio-entre-silencios-y-luces\/","title":{"rendered":"Jes\u00fas Carmona une su taconeo a la \u2018Catedral del Cante\u2019 en un juego de poder\u00edo entre silencios y luces"},"content":{"rendered":"<p>Han pasado 13 a\u00f1os desde que Jes\u00fas Carmona se coron\u00f3 en el mundo flamenco, cuando volvi\u00f3 a Barcelona con el trofeo \u2018Desplante\u2019 del Cante de las Minas en sus manos. Desde entonces, su carrera no ha hecho m\u00e1s que crecer hasta consolidarse como uno de los bailarines m\u00e1s brillantes del panorama nacional, teniendo entre sus reconocimientos el Premio Nacional de Danza.<\/p>\n<p>&nbsp;<\/p>\n<p>Agradecido a todo lo que le ha aportado La Uni\u00f3n para su carrera, decidi\u00f3 salir al escenario solo, alzando las manos, como quien se entrega a un lugar conocido sabiendo que va a poner el alma en cada segundo de espect\u00e1culo, en cada taconeo. Con un silencio absoluto que invad\u00eda el patio de butacas de la \u2018Catedral del Cante\u2019, marcaba el pulso con sus pies para hacer que tanto su sonido como el silencio hicieran su propia danza. Tan solo hicieron falta esos cerca de diez minutos para que mostrara su capacidad para conectar con el p\u00fablico en una noche en la que quiso mostrar el flamenco en su esencia m\u00e1s pura.<\/p>\n<p>&nbsp;<\/p>\n<p>No era casual que el espect\u00e1culo, creado especialmente para esta ocasi\u00f3n, tuviera \u2018Unidos\u2019 por t\u00edtulo, porque su misi\u00f3n era \u201cunir el recuerdo colectivo de La Uni\u00f3n\u201d. \u201cPara m\u00ed volver a este escenario siempre es un motivo de alegr\u00eda y de reencuentro, porque ese premio fue un antes y un despu\u00e9s en mi carrera\u201d, afirmaba poco antes de comenzar su espect\u00e1culo el bailaor, en un regreso que, aseguraba, permitir\u00eda ver \u201ca un Jes\u00fas mucho m\u00e1s maduro y con m\u00e1s templanza\u201d.<\/p>\n<p>&nbsp;<\/p>\n<p>La gala, ofrecida por La Verdad y promovida por Flamenco Real y So-La-Na, promet\u00eda ser una velada especial y emocionante desde el primer momento. Su objetivo era ofrecer un recital flamenco, revisitando ese escenario desde un prisma m\u00e1s contempor\u00e1neo, pero siempre con el respeto al flamenco tradicional, abrazado por conceptos lum\u00ednicos y esc\u00e9nicos.<\/p>\n<p>&nbsp;<\/p>\n<p>Los pies hablaron por Jes\u00fas Carmona en un primer taranto, en el que entrelazaba sus manos, en un juego de movimientos bellos, con la bailaora murciana Luc\u00eda Campillo, su pareja dentro y fuera de las tablas. Esa conexi\u00f3n y qu\u00edmica que desprend\u00edan en cada coreograf\u00eda enmudec\u00eda al p\u00fablico durante su danza y hac\u00eda que rompiera en aplausos en cuanto la m\u00fasica daba una tregua. Un fandango, acompa\u00f1ado \u00fanicamente del cantaor Eleazar Cerreduela, sigui\u00f3 creando una atm\u00f3sfera de intimidad, haciendo que las luces delimitaran el espacio de taconeo, en una puesta en escena que sorprend\u00eda a cada momento. La guitarra de Jos\u00e9 Manuel Mart\u00ednez &#8216;El Peli&#8217; son\u00f3 con m\u00e1s fuerza en las alegr\u00edas, donde Campillo mostrando su poder\u00edo y tablas.<\/p>\n<p>&nbsp;<\/p>\n<p>La conexi\u00f3n con el cante m\u00e1s profundo vino despu\u00e9s, cuando dos artistas invitados, Jos\u00e9 Valencia al cante y Juan Requena a la guitarra, se quedaron solos en el escenario, recordando a Manuel Vallejo con la media grana\u00edna \u2018Con un suspiro le pago\u2019, y acabando por verdiales. Un momento de profundidad en el templo de flamenco que precedi\u00f3 a unas buler\u00edas, sumando dos guitarras y dos voces al cuadro de Carmona. El vestuario pas\u00f3 del color al negro, en una elegancia de movimientos que segu\u00eda jugando con las luces, apareciendo tambi\u00e9n el sonido de unas casta\u00f1uelas. Un martinete volvi\u00f3 a regalar el taconeo solista del protagonista de la noche, dando paso a Luc\u00eda con una seguiriya, y cerrando la gala por sole\u00e1.<\/p>\n<p>&nbsp;<\/p>\n<p>Una noche que fue \u201cun regalo de Dios\u201d, como \u00e9l mismo compart\u00eda a viva voz al final de su espect\u00e1culo, en lo que consider\u00f3 una \u201cvuelta a casa\u201d para cumplir una misi\u00f3n: crear emoci\u00f3n, un \u201cpellizquito en el coraz\u00f3n y en el est\u00f3mago\u201d a quienes conectaron con su forma de expresar el flamenco.<\/p>\n<p>&nbsp;<\/p>\n<p><strong>Dos nuevos nombres en la \u2018Avenida del Flamenco\u2019<\/strong><\/p>\n<p>&nbsp;<\/p>\n<p>Tras la gala, Jes\u00fas Carmona se dirigi\u00f3 junto a Pepe Habichuela, que horas antes recib\u00eda el \u2018Castillete de Oro\u2019, para descubrir dos placas con sus respectivos nombres en la \u2018Avenida del Flamenco\u2019. Un acto emotivo que se plasm\u00f3 en sus caras de ilusi\u00f3n al verse reflejados para siempre a los pies de la \u2018Catedral del Cante\u2019.<\/p>\n<p>&nbsp;<\/p>\n<p>La noche acab\u00f3 con la madrug\u00e1 en Pizzer\u00eda Str\u00f3mboli a cargo de Celia Jim\u00e9nez al cante, &#8216;El Peli&#8217; a la guitarra y Marcos Morales al baile, patrocinada por Suministros Mayor<\/p>\n","protected":false},"excerpt":{"rendered":"<p>Han pasado 13 a\u00f1os desde que Jes\u00fas Carmona se coron\u00f3 en el mundo flamenco, cuando volvi\u00f3 a Barcelona con el trofeo \u2018Desplante\u2019 del Cante de las Minas en sus manos. Desde entonces, su carrera no ha hecho m\u00e1s que crecer hasta consolidarse como uno de los bailarines m\u00e1s brillantes del panorama nacional, teniendo entre sus [&hellip;]<\/p>\n","protected":false},"author":2,"featured_media":2304,"comment_status":"closed","ping_status":"closed","sticky":false,"template":"","format":"standard","meta":{"footnotes":""},"categories":[5],"tags":[],"class_list":["post-2303","post","type-post","status-publish","format-standard","has-post-thumbnail","hentry","category-noticias"],"_links":{"self":[{"href":"http:\/\/radiounion.es\/index.php\/wp-json\/wp\/v2\/posts\/2303","targetHints":{"allow":["GET"]}}],"collection":[{"href":"http:\/\/radiounion.es\/index.php\/wp-json\/wp\/v2\/posts"}],"about":[{"href":"http:\/\/radiounion.es\/index.php\/wp-json\/wp\/v2\/types\/post"}],"author":[{"embeddable":true,"href":"http:\/\/radiounion.es\/index.php\/wp-json\/wp\/v2\/users\/2"}],"replies":[{"embeddable":true,"href":"http:\/\/radiounion.es\/index.php\/wp-json\/wp\/v2\/comments?post=2303"}],"version-history":[{"count":1,"href":"http:\/\/radiounion.es\/index.php\/wp-json\/wp\/v2\/posts\/2303\/revisions"}],"predecessor-version":[{"id":2305,"href":"http:\/\/radiounion.es\/index.php\/wp-json\/wp\/v2\/posts\/2303\/revisions\/2305"}],"wp:featuredmedia":[{"embeddable":true,"href":"http:\/\/radiounion.es\/index.php\/wp-json\/wp\/v2\/media\/2304"}],"wp:attachment":[{"href":"http:\/\/radiounion.es\/index.php\/wp-json\/wp\/v2\/media?parent=2303"}],"wp:term":[{"taxonomy":"category","embeddable":true,"href":"http:\/\/radiounion.es\/index.php\/wp-json\/wp\/v2\/categories?post=2303"},{"taxonomy":"post_tag","embeddable":true,"href":"http:\/\/radiounion.es\/index.php\/wp-json\/wp\/v2\/tags?post=2303"}],"curies":[{"name":"wp","href":"https:\/\/api.w.org\/{rel}","templated":true}]}}