{"id":2306,"date":"2025-08-05T08:38:27","date_gmt":"2025-08-05T06:38:27","guid":{"rendered":"https:\/\/radiounion.es\/?p=2306"},"modified":"2025-08-05T08:38:27","modified_gmt":"2025-08-05T06:38:27","slug":"el-templo-del-flamenco-se-impregna-de-pureza-y-verdad-con-el-cante-de-ezequiel-benitez-y-mayte-martin","status":"publish","type":"post","link":"http:\/\/radiounion.es\/index.php\/2025\/08\/05\/el-templo-del-flamenco-se-impregna-de-pureza-y-verdad-con-el-cante-de-ezequiel-benitez-y-mayte-martin\/","title":{"rendered":"El templo del flamenco se impregna de pureza y verdad con el cante de Ezequiel Ben\u00edtez y Mayte Mart\u00edn"},"content":{"rendered":"<p>La gran cita con el cante flamenco de la 64\u00aa edici\u00f3n del Festival Internacional del Cante de las Minas un\u00eda en una misma gala dos de los grandes nombres del flamenco actual: la catalana Mayte Mart\u00edn, una ya conocida en la \u2018Catedral del Cante\u2019 por alzarse con la \u2018L\u00e1mpara Minera\u2019 en 1987, y el cantaor Ezequiel Ben\u00edtez, que se estrenaba en un escenario que no le iba a dejar indiferente.<\/p>\n<p>&nbsp;<\/p>\n<p>Fue este \u00faltimo quien abri\u00f3 la noche para contar su verdad, plasmada en letras tanto suyas como las que le escribi\u00f3 su padre. \u201cMe gusta contar mi causa y cantar lo que me pide el coraz\u00f3n\u201d, contaba el de Jerez de la Frontera, dej\u00e1ndose llevar por las sensaciones del momento para configurar su repertorio. Una manera de \u201cconectar con el coraz\u00f3n de las personas\u201d que, sin duda, consigui\u00f3; y con creces. Fue comenzar a cantar por sole\u00e1 y los ol\u00e9s ya sonaban en el patio de butacas del Antiguo Mercado P\u00fablico de La Uni\u00f3n, como si el p\u00fablico estuviera esperando para arroparlo con su calor.<\/p>\n<p>&nbsp;<\/p>\n<p>Despu\u00e9s vinieron las alegr\u00edas, acompa\u00f1ado de Paco Le\u00f3n a la guitarra y Na\u00edm Real y Tate N\u00fa\u00f1ez a las palmas. Antes de cambiar a malague\u00f1as, quiso dedicar su cante a un amigo que perdi\u00f3 durante la Pandemia y al que le escribi\u00f3 esa letra, que esperaba que conectara con cada una de las personas que all\u00ed se encontraban. Y de una dedicatoria a otra: apost\u00f3 por los cantes de trilla en un homenaje cantado a la gente del campo para venerar su trabajo, conectando con la ganader\u00eda de su Jerez.<\/p>\n<p>&nbsp;<\/p>\n<p>Despu\u00e9s de unos fandangos, no se pod\u00eda ir del templo del flamenco sin cantar unas buler\u00edas, y as\u00ed lo transmiti\u00f3, con una simpat\u00eda que calaba a su p\u00fablico, animando a que \u201cquien quiera que baile\u201d. Antes de despedirse, se alej\u00f3 del micro y derroch\u00f3 su chorro de voz a capella, con peque\u00f1os bailes que acompa\u00f1aban a su letra y que entre palmas y ol\u00e9s marcaba el ritmo. \u201cOs he dado el coraz\u00f3n y me voy contento de aqu\u00ed\u201d afirmaba el cantaor ante un p\u00fablico \u201cinfalible\u201d que le hizo pasar una noche muy especial.<\/p>\n<p>&nbsp;<\/p>\n<p><strong>Templanza y tradici\u00f3n<\/strong><\/p>\n<p>&nbsp;<\/p>\n<p>Con el t\u00edtulo de \u2018Flamenco \u00cdntimo\u2019, la vuelta de Mayte Mart\u00edn dejaba clara su apuesta por la pureza, adentr\u00e1ndose en distintos g\u00e9neros con su personalidad art\u00edstica. Una voz que emana flamenco hasta en los suspiros, con una interpretaci\u00f3n vocal perfecta que muestra su talento \u00fanico. Con Jos\u00e9 G\u00e1lvez a la guitarra, la cantaora fue desgranando el pasado y recordando la herencia de los grandes maestros, en un gui\u00f1o constante al flamenco tradicional y a algunas de sus letras m\u00e1s populares.<\/p>\n<p>&nbsp;<\/p>\n<p>En ese objetivo de \u201cdar luz a esos ecos antiguos\u201d, la ganadora de la \u2018L\u00e1mpara Minera\u2019 1987 y de la Medalla de Oro al M\u00e9rito de las Bellas Artes en 2021, ten\u00eda que empezar su actuaci\u00f3n tal y como se esperaba de ella: por Levante. Primero la taranta de Fernando de Triana y su \u2018Eres hermosa\u2019; despu\u00e9s, la minera \u2018Tan fuerte su voladura\u2019 de Encarnaci\u00f3n Fern\u00e1ndez, y finaliz\u00f3 con la cartagenera del Rojo el Alpargatero \u2018Fueron los firmes puntales\u2019.<\/p>\n<p>&nbsp;<\/p>\n<p>\u201cEspero que esta sea una noche estupenda\u201d, deseaba la cantaora para poner el broche final tras la actuaci\u00f3n de Ezequiel Ben\u00edtez. Las malague\u00f1as del Pena y de Jacinto Almad\u00e9n dieron paso a la sole\u00e1, a la seguiriya y a los cantes por tientos y tangos. Cerr\u00f3 por buler\u00edas, con el \u2018Romance de la reina Mercedes\u2019, cuyo coro parec\u00eda emanar del patio de butacas, que cantaba esta conocida letra y melod\u00eda.<\/p>\n<p>&nbsp;<\/p>\n<p>&nbsp;<\/p>\n<p><strong>Pr\u00f3ximos eventos<\/strong><\/p>\n<p>&nbsp;<\/p>\n<p>La jornada vespertina de la Agenda Cultural del martes 5 de agosto comenzar\u00e1 entregando galardones. El \u2018Castillete de oro\u2019 llegar\u00e1 a manos del periodista Vicente Vall\u00e9s y del grupo cartagenero Arde Bogot\u00e1 en el Museo Minero de La Uni\u00f3n a partir de las 20:00 horas.<\/p>\n<p>&nbsp;<\/p>\n<p>La gala, a partir de las 23:00 horas, la ofrecer\u00e1 en la \u2018Catedral del Cante\u2019 el Ballet Flamenco de Andaluc\u00eda con su espect\u00e1culo \u2018Tierra Bendita\u2019. La formaci\u00f3n descubrir\u00e1 una placa con su nombre en la \u2018Avenida del Flamenco\u2019 tras el show.<\/p>\n<p>&nbsp;<\/p>\n<p>La madrug\u00e1 la ofrecer\u00e1n Roc\u00edo Mart\u00ednez al Cante, Juan A. Mateos al toque y Lorena Jim\u00e9nez al baile en El Vinagrero, patrocinado por Grupo Avanza.<\/p>\n","protected":false},"excerpt":{"rendered":"<p>La gran cita con el cante flamenco de la 64\u00aa edici\u00f3n del Festival Internacional del Cante de las Minas un\u00eda en una misma gala dos de los grandes nombres del flamenco actual: la catalana Mayte Mart\u00edn, una ya conocida en la \u2018Catedral del Cante\u2019 por alzarse con la \u2018L\u00e1mpara Minera\u2019 en 1987, y el cantaor [&hellip;]<\/p>\n","protected":false},"author":2,"featured_media":2307,"comment_status":"closed","ping_status":"closed","sticky":false,"template":"","format":"standard","meta":{"footnotes":""},"categories":[5],"tags":[],"class_list":["post-2306","post","type-post","status-publish","format-standard","has-post-thumbnail","hentry","category-noticias"],"_links":{"self":[{"href":"http:\/\/radiounion.es\/index.php\/wp-json\/wp\/v2\/posts\/2306","targetHints":{"allow":["GET"]}}],"collection":[{"href":"http:\/\/radiounion.es\/index.php\/wp-json\/wp\/v2\/posts"}],"about":[{"href":"http:\/\/radiounion.es\/index.php\/wp-json\/wp\/v2\/types\/post"}],"author":[{"embeddable":true,"href":"http:\/\/radiounion.es\/index.php\/wp-json\/wp\/v2\/users\/2"}],"replies":[{"embeddable":true,"href":"http:\/\/radiounion.es\/index.php\/wp-json\/wp\/v2\/comments?post=2306"}],"version-history":[{"count":1,"href":"http:\/\/radiounion.es\/index.php\/wp-json\/wp\/v2\/posts\/2306\/revisions"}],"predecessor-version":[{"id":2308,"href":"http:\/\/radiounion.es\/index.php\/wp-json\/wp\/v2\/posts\/2306\/revisions\/2308"}],"wp:featuredmedia":[{"embeddable":true,"href":"http:\/\/radiounion.es\/index.php\/wp-json\/wp\/v2\/media\/2307"}],"wp:attachment":[{"href":"http:\/\/radiounion.es\/index.php\/wp-json\/wp\/v2\/media?parent=2306"}],"wp:term":[{"taxonomy":"category","embeddable":true,"href":"http:\/\/radiounion.es\/index.php\/wp-json\/wp\/v2\/categories?post=2306"},{"taxonomy":"post_tag","embeddable":true,"href":"http:\/\/radiounion.es\/index.php\/wp-json\/wp\/v2\/tags?post=2306"}],"curies":[{"name":"wp","href":"https:\/\/api.w.org\/{rel}","templated":true}]}}