{"id":2312,"date":"2025-08-07T08:22:26","date_gmt":"2025-08-07T06:22:26","guid":{"rendered":"https:\/\/radiounion.es\/?p=2312"},"modified":"2025-08-07T08:26:04","modified_gmt":"2025-08-07T06:26:04","slug":"el-flamenco-es-un-tesoro-compartido-y-un-legado-latente-entre-andalucia-y-la-union-ambos-territorios-comparten-una-historia-que-los-vincula-y-que-cada-ano-se-plasma-en-el-festival-internacional-del-c","status":"publish","type":"post","link":"http:\/\/radiounion.es\/index.php\/2025\/08\/07\/el-flamenco-es-un-tesoro-compartido-y-un-legado-latente-entre-andalucia-y-la-union-ambos-territorios-comparten-una-historia-que-los-vincula-y-que-cada-ano-se-plasma-en-el-festival-internacional-del-c\/","title":{"rendered":"El flamenco es un tesoro compartido y un legado latente entre Andaluc\u00eda y La Uni\u00f3n"},"content":{"rendered":"<p>Comienza el concurso de la 64 edici\u00f3n del Festival Internacional del Cante de las Minas. Tras darse a conocer la pasada semana los semifinalistas que aspirar\u00e1n a ganar los m\u00e1ximos galardones del certamen, hoy se ha dado a conocer la distribuci\u00f3n por d\u00edas de estos artistas.<\/p>\n<p>Hoy mi\u00e9rcoles, <strong>6 de agosto<\/strong>, comenzar\u00e1 la clasificaci\u00f3n en la \u2018Catedral del Cante\u2019 con Juan Lorenzo Moya Maleno \u2018Lorenzo Moya\u2019 (Ciudad Real) en la categor\u00eda de instrumentista, que interpretar\u00e1 minera y buler\u00edas con su piano. Le seguir\u00e1 Mar\u00eda Antonia Su\u00e1rez Monta\u00f1o \u2018Ostalinda\u2019 (Badajoz) que har\u00e1 taranta cartagenera y flautas\u00eda flamenca con su flauta.<\/p>\n<p>En la categor\u00eda de cante, concursar\u00e1n Raquel Salas Rosado \u2018Raquel Salas\u2019 (Huelva) con minera y grana\u00edna; Iv\u00e1n Segura Ruiz \u2018Iv\u00e1n Chask\u00edo\u2019 (Alicante) con minera, cartagenera, seguiriya y alegr\u00edas;<\/p>\n<p>Andr\u00e9s Amador Gim\u00e9nez \u2018Andreles Amador\u2019 (Almer\u00eda) con fandangos y seguiriya; Rosario Campos Jaime \u2018Rosi Campos\u2019 (M\u00e1laga) con levantica y malague\u00f1a.<\/p>\n<p>En toque, participar\u00e1 Samuel del R\u00edo Carmona \u2018Samuel de Encarni\u2019 (C\u00e1diz) con minera y guajira, y en baile Ofelia M\u00e1rquez Espinosa \u2018Ofelia M\u00e1rquez\u2019 (C\u00e1diz) con taranto y ca\u00f1a.<\/p>\n<p>&nbsp;<\/p>\n<p>Ma\u00f1ana jueves, <strong>7 de agosto<\/strong>, tendr\u00e1 lugar la segunda semifinal. En la categor\u00eda de instrumentista competir\u00e1n Jos\u00e9 Carlos Esteban-Hanza Fern\u00e1ndez \u2018Jos\u00e9 Carlos Hanza Fern\u00e1ndez\u2019 (Almer\u00eda) con su piano por taranta y sole\u00e1 por buler\u00edas, y Ra\u00fal Herrera Moreno (Madrid) con el chelo con taranto y sole\u00e1 por buler\u00edas.<\/p>\n<p>La guitarra flamenca la protagonizar\u00e1n Mercedes del Roc\u00edo Sanguiao Horneros \u2018Mercedes Luj\u00e1n\u2019 (Murcia) con taranta y buler\u00eda, y el baile el gaditano Jos\u00e9 Mar\u00eda Vi\u00f1as Coca \u2018Jos\u00e9 Vi\u00f1as\u2019 con taranto y seguiriya.<\/p>\n<p>El cante correr\u00e1 a cargo de Francisco Javier Heredia Hern\u00e1ndez \u2018Francisco Heredia\u2019 (Ja\u00e9n) con minera, taranta, grana\u00edna y sole\u00e1; Ana Isabel Rodr\u00edguez Rosado \u2018Anabel de Vico\u2019 (Sevilla) con minera, murciana, grana\u00edna y seguiriya; Gregorio Moya Lara \u2018Gregorio Moya\u2019 (Ciudad Real) con minera, cartagenera, malague\u00f1a y mariana, y Lidia Rodr\u00edguez Gonz\u00e1lez \u2018Lidia Rodr\u00edguez\u2019 (Sevilla) con malague\u00f1a y abandolao.<\/p>\n<p>&nbsp;<\/p>\n<p>Ya el <strong>viernes 8 de agosto<\/strong>, tercera semifinal, participar\u00e1n en cante Bernardo J. Miranda Luna \u2018Bernardo Miranda\u2019 (C\u00f3rdoba) con minera, cartagenera, sole\u00e1 y caracoles; Jos\u00e9 Plant\u00f3n Heredia<\/p>\n<p>\u2018Jos\u00e9 del Calli\u2019 (C\u00f3rdoba) con minera, levantica, sole\u00e1 y tientos; Bel\u00e9n Vega Rus \u2018Bel\u00e9n Vega\u2019 (Ja\u00e9n) con taranta y seguiriya, y Jos\u00e9 Antonio Romero P\u00e9rez \u2018El Perrito\u2019 (C\u00e1diz) con minera, cartagenera, malague\u00f1a y alegr\u00edas.<\/p>\n<p>En baile participar\u00e1n Jenifer Ruiz Hilario \u2018Jenifer Ruiz\u2019 (Almer\u00eda) con taranto y sole\u00e1; y Salom\u00e9 Ram\u00edrez Almagro \u2018Salom\u00e9 Ram\u00edrez\u2019 (C\u00e1diz) con taranto y alegr\u00edas. En guitarra, Toni Abell\u00e1n S\u00e1nchez<\/p>\n<p>\u2018Toni Abell\u00e1n\u2019 (Barcelona) con taranta y fandangos de Huelva y Jes\u00fas Carbonell Jim\u00e9nez \u2018Jes\u00fas Carbonell\u2019 (Navarra) con taranta y alegr\u00edas.<\/p>\n<p>El instrumentista ser\u00e1 Manuel Moreno Ram\u00edrez (Huelva) tocando taranta y farruca con el piano.<\/p>\n<p>Los seleccionados para la final se sabr\u00e1n en la madrugada del viernes al s\u00e1bado. Ya el d\u00eda 9 se celebrar\u00e1 la gran final y se conocer\u00e1n los ganadores de los trofeos \u2018L\u00e1mpara Minera\u2019, \u2018Fil\u00f3n\u2019, \u2018Bord\u00f3n Minero\u2019 y \u2018Desplante\u2019.<\/p>\n","protected":false},"excerpt":{"rendered":"<p>Comienza el concurso de la 64 edici\u00f3n del Festival Internacional del Cante de las Minas. Tras darse a conocer la pasada semana los semifinalistas que aspirar\u00e1n a ganar los m\u00e1ximos galardones del certamen, hoy se ha dado a conocer la distribuci\u00f3n por d\u00edas de estos artistas. Hoy mi\u00e9rcoles, 6 de agosto, comenzar\u00e1 la clasificaci\u00f3n en [&hellip;]<\/p>\n","protected":false},"author":2,"featured_media":2313,"comment_status":"closed","ping_status":"closed","sticky":false,"template":"","format":"standard","meta":{"footnotes":""},"categories":[5],"tags":[],"class_list":["post-2312","post","type-post","status-publish","format-standard","has-post-thumbnail","hentry","category-noticias"],"_links":{"self":[{"href":"http:\/\/radiounion.es\/index.php\/wp-json\/wp\/v2\/posts\/2312","targetHints":{"allow":["GET"]}}],"collection":[{"href":"http:\/\/radiounion.es\/index.php\/wp-json\/wp\/v2\/posts"}],"about":[{"href":"http:\/\/radiounion.es\/index.php\/wp-json\/wp\/v2\/types\/post"}],"author":[{"embeddable":true,"href":"http:\/\/radiounion.es\/index.php\/wp-json\/wp\/v2\/users\/2"}],"replies":[{"embeddable":true,"href":"http:\/\/radiounion.es\/index.php\/wp-json\/wp\/v2\/comments?post=2312"}],"version-history":[{"count":2,"href":"http:\/\/radiounion.es\/index.php\/wp-json\/wp\/v2\/posts\/2312\/revisions"}],"predecessor-version":[{"id":2318,"href":"http:\/\/radiounion.es\/index.php\/wp-json\/wp\/v2\/posts\/2312\/revisions\/2318"}],"wp:featuredmedia":[{"embeddable":true,"href":"http:\/\/radiounion.es\/index.php\/wp-json\/wp\/v2\/media\/2313"}],"wp:attachment":[{"href":"http:\/\/radiounion.es\/index.php\/wp-json\/wp\/v2\/media?parent=2312"}],"wp:term":[{"taxonomy":"category","embeddable":true,"href":"http:\/\/radiounion.es\/index.php\/wp-json\/wp\/v2\/categories?post=2312"},{"taxonomy":"post_tag","embeddable":true,"href":"http:\/\/radiounion.es\/index.php\/wp-json\/wp\/v2\/tags?post=2312"}],"curies":[{"name":"wp","href":"https:\/\/api.w.org\/{rel}","templated":true}]}}