{"id":2315,"date":"2025-08-07T08:24:46","date_gmt":"2025-08-07T06:24:46","guid":{"rendered":"https:\/\/radiounion.es\/?p=2315"},"modified":"2025-08-07T08:24:46","modified_gmt":"2025-08-07T06:24:46","slug":"una-primera-semifinal-entre-piano-flauta-quejio-toque-y-baile","status":"publish","type":"post","link":"http:\/\/radiounion.es\/index.php\/2025\/08\/07\/una-primera-semifinal-entre-piano-flauta-quejio-toque-y-baile\/","title":{"rendered":"Una primera semifinal entre piano, flauta, quej\u00edo, toque y baile"},"content":{"rendered":"<p><strong>Ayer se celebr\u00f3 la primera convocatoria del concurso en la \u2018Catedral del Cante\u2019, con ocho artistas que se jugaron su paso a la final, que se celebrar\u00e1 el pr\u00f3ximo s\u00e1bado<\/strong><\/p>\n<p>Ya ha comenzado el concurso de la 64 edici\u00f3n del Festival Internacional del Cante de las Minas. Anoche tuvo lugar la primera semifinal, de las tres programadas, para empezar a conocer al talento sobre las tablas de la \u2018Catedral del Cante\u2019 y los posibles aspirantes a los m\u00e1ximos galardones del encuentro flamenco.<\/p>\n<p>Esta primera cita comenz\u00f3 con los candidatos en la categor\u00eda de instrumentista flamenco: Juan Lorenzo Moya Maleno \u2018Lorenzo Moya\u2019 (Ciudad Real) que interpret\u00f3 minera y buler\u00edas con su piano, y Ostalinda Su\u00e1rez (Badajoz) que hizo taranta cartagenera y flautas\u00eda flamenca con su flauta.<\/p>\n<p>En la categor\u00eda de cante, concursaron Raquel Salas Rosado \u2018Raquel Salas\u2019 (Huelva) con minera y grana\u00edna; Iv\u00e1n Segura Ruiz \u2018Iv\u00e1n Chask\u00edo\u2019 (Alicante) con minera, cartagenera, seguiriya y alegr\u00edas;<\/p>\n<p>Andr\u00e9s Amador Gim\u00e9nez \u2018Andreles Amador\u2019 (Almer\u00eda) con fandangos y seguiriya; Rosario Campos Jaime \u2018Rosi Campos\u2019 (M\u00e1laga) con levantica y malague\u00f1a.<\/p>\n<p>El toque corri\u00f3 a cargo de Samuel del R\u00edo Carmona \u2018Samuel de Encarni\u2019 (C\u00e1diz) con minera y guajira, y el baile por Ofelia M\u00e1rquez Espinosa \u2018Ofelia M\u00e1rquez\u2019 (C\u00e1diz) con taranto y ca\u00f1a.<\/p>\n<p>&nbsp;<\/p>\n<p>&nbsp;<\/p>\n<p><strong>Pr\u00f3ximos eventos<\/strong><\/p>\n<p><strong>\u00a0<\/strong><\/p>\n<p>Eduardo Guerrero ofrece hoy una masterclass de baile en la Escuela Artedanza, en los niveles iniciaci\u00f3n y medio, a partir de las 11:00 horas.<\/p>\n<p>Por la tarde, a las 20:00 horas, la Agenda Cultural acoge la entrega del premio &#8216;Esteban Bernal Velasco&#8217; al Conservatorio de M\u00fasica de Cartagena por su centenario. Sus alumnos y profesores ofrecer\u00e1n una actuaci\u00f3n musical tras recoger el premio.<\/p>\n<p>Ya en la \u2018Catedral del Cante\u2019, a las 22:00 horas, tendr\u00e1 lugar la segunda seminfinal del concurso del Cante de las Minas. En ella participar\u00e1n Jos\u00e9 Carlos Esteban-Hanza Fern\u00e1ndez \u2018Jos\u00e9 Carlos Hanza Fern\u00e1ndez\u2019 (Almer\u00eda) con su piano por taranta y sole\u00e1 por buler\u00edas, y Ra\u00fal Herrera Moreno (Madrid) con el chelo con taranto y sole\u00e1 por buler\u00edas, en la categor\u00eda de instrumentista.<\/p>\n<p>&nbsp;<\/p>\n<p>La guitarra flamenca la protagonizar\u00e1n Mercedes del Roc\u00edo Sanguiao Horneros \u2018Mercedes Luj\u00e1n\u2019 (Murcia) con taranta y buler\u00eda, y el baile el gaditano Jos\u00e9 Mar\u00eda Vi\u00f1as Coca \u2018Jos\u00e9 Vi\u00f1as\u2019 con taranto y seguiriya.<\/p>\n<p>El cante correr\u00e1 a cargo de Francisco Javier Heredia Hern\u00e1ndez \u2018Francisco Heredia\u2019 (Ja\u00e9n) con minera, taranta, grana\u00edna y sole\u00e1; Ana Isabel Rodr\u00edguez Rosado \u2018Anabel de Vico\u2019 (Sevilla) con minera, murciana, grana\u00edna y seguiriya; Gregorio Moya Lara \u2018Gregorio Moya\u2019 (Ciudad Real) con minera, cartagenera, malague\u00f1a y mariana, y Lidia Rodr\u00edguez Gonz\u00e1lez \u2018Lidia Rodr\u00edguez\u2019 (Sevilla) con malague\u00f1a y abandolao.<\/p>\n<p>Isco Heredia al cante y Juan Mart\u00ednez a la guitarra protagonizan la madrug\u00e1 en El Almac\u00e9n Lounge Bar, patrocinada por Sistecarp.<\/p>\n","protected":false},"excerpt":{"rendered":"<p>Ayer se celebr\u00f3 la primera convocatoria del concurso en la \u2018Catedral del Cante\u2019, con ocho artistas que se jugaron su paso a la final, que se celebrar\u00e1 el pr\u00f3ximo s\u00e1bado Ya ha comenzado el concurso de la 64 edici\u00f3n del Festival Internacional del Cante de las Minas. Anoche tuvo lugar la primera semifinal, de las [&hellip;]<\/p>\n","protected":false},"author":2,"featured_media":2316,"comment_status":"closed","ping_status":"closed","sticky":false,"template":"","format":"standard","meta":{"footnotes":""},"categories":[5],"tags":[],"class_list":["post-2315","post","type-post","status-publish","format-standard","has-post-thumbnail","hentry","category-noticias"],"_links":{"self":[{"href":"http:\/\/radiounion.es\/index.php\/wp-json\/wp\/v2\/posts\/2315","targetHints":{"allow":["GET"]}}],"collection":[{"href":"http:\/\/radiounion.es\/index.php\/wp-json\/wp\/v2\/posts"}],"about":[{"href":"http:\/\/radiounion.es\/index.php\/wp-json\/wp\/v2\/types\/post"}],"author":[{"embeddable":true,"href":"http:\/\/radiounion.es\/index.php\/wp-json\/wp\/v2\/users\/2"}],"replies":[{"embeddable":true,"href":"http:\/\/radiounion.es\/index.php\/wp-json\/wp\/v2\/comments?post=2315"}],"version-history":[{"count":1,"href":"http:\/\/radiounion.es\/index.php\/wp-json\/wp\/v2\/posts\/2315\/revisions"}],"predecessor-version":[{"id":2317,"href":"http:\/\/radiounion.es\/index.php\/wp-json\/wp\/v2\/posts\/2315\/revisions\/2317"}],"wp:featuredmedia":[{"embeddable":true,"href":"http:\/\/radiounion.es\/index.php\/wp-json\/wp\/v2\/media\/2316"}],"wp:attachment":[{"href":"http:\/\/radiounion.es\/index.php\/wp-json\/wp\/v2\/media?parent=2315"}],"wp:term":[{"taxonomy":"category","embeddable":true,"href":"http:\/\/radiounion.es\/index.php\/wp-json\/wp\/v2\/categories?post=2315"},{"taxonomy":"post_tag","embeddable":true,"href":"http:\/\/radiounion.es\/index.php\/wp-json\/wp\/v2\/tags?post=2315"}],"curies":[{"name":"wp","href":"https:\/\/api.w.org\/{rel}","templated":true}]}}