{"id":2326,"date":"2025-08-08T07:35:16","date_gmt":"2025-08-08T05:35:16","guid":{"rendered":"https:\/\/radiounion.es\/?p=2326"},"modified":"2025-08-08T07:35:16","modified_gmt":"2025-08-08T05:35:16","slug":"rumbo-hacia-la-ultima-semifinal-del-64o-cante-de-las-minas","status":"publish","type":"post","link":"http:\/\/radiounion.es\/index.php\/2025\/08\/08\/rumbo-hacia-la-ultima-semifinal-del-64o-cante-de-las-minas\/","title":{"rendered":"Rumbo hacia la \u00faltima semifinal  del 64\u00ba Cante de las Minas"},"content":{"rendered":"<p>Las semifinales del concurso de la 64\u00aa edici\u00f3n del Festival Internacional del Cante de las Minas van llegando a su fin. Anoche tuvo lugar la segunda jornada, de nuevo con una exhibici\u00f3n de toque, cante, baile e instrumentaci\u00f3n flamenca. En esta \u00faltima categor\u00eda participaron Jos\u00e9 Carlos Esteban-Hanza Fern\u00e1ndez \u2018Jos\u00e9 Carlos Hanza Fern\u00e1ndez\u2019 (Almer\u00eda) con su piano por taranta y sole\u00e1 por buler\u00edas, y Ra\u00fal Herrera Moreno (Madrid) con el chelo con taranto y sole\u00e1 por buler\u00edas.<\/p>\n<p>La guitarra flamenca la protagoniz\u00f3 la murciana Mercedes del Roc\u00edo Sanguiao Horneros \u2018Mercedes Luj\u00e1n\u2019 con taranta y buler\u00eda, y el baile el gaditano Jos\u00e9 Mar\u00eda Vi\u00f1as Coca \u2018Jos\u00e9 Vi\u00f1as\u2019 con taranto y seguiriya.<\/p>\n<p>En la categor\u00eda de cante, pasaron por la \u2018Catedral\u2019 Francisco Javier Heredia Hern\u00e1ndez \u2018Francisco Heredia\u2019 (Ja\u00e9n) con minera, taranta, grana\u00edna y sole\u00e1; Ana Isabel Rodr\u00edguez Rosado \u2018Anabel de Vico\u2019 (Sevilla) con minera, murciana, grana\u00edna y seguiriya; Gregorio Moya Lara \u2018Gregorio Moya\u2019 (Ciudad Real) con minera, cartagenera, malague\u00f1a y mariana, y Lidia Rodr\u00edguez Gonz\u00e1lez \u2018Lidia Rodr\u00edguez\u2019 (Sevilla) con malague\u00f1a y abandolao.<\/p>\n<p>Tras esto, continuaron las madrug\u00e1s, en este caso en El Almac\u00e9n Lounge Bar patrocinada por Sistecarp, con la actuaci\u00f3n de Isco Heredia al cante y Juan Mart\u00ednez a la guitarra.<\/p>\n<p>&nbsp;<\/p>\n<p><strong>Contin\u00faan los actos<\/strong><\/p>\n<p><strong>\u00a0<\/strong>Esta tarde el Sal\u00f3n de Actos del Ayuntamiento de La Uni\u00f3n acoger\u00e1 un acto por el centenario del nacimiento de Pencho Cros. Ser\u00e1 a las 20:00h y girar\u00e1 en torno a la presentaci\u00f3n del disco &#8216;De flamenco cantan a Pencho&#8217; a cargo de Jos\u00e9 Manuel Gamboa.<\/p>\n<p>Ya a las 22:00 horas se celebrar\u00e1 la tercera semifinal del concurso del Cante de las Minas. Participar\u00e1n en cante Bernardo J. Miranda Luna \u2018Bernardo Miranda\u2019 (C\u00f3rdoba) con minera, cartagenera, sole\u00e1 y caracoles; Jos\u00e9 Plant\u00f3n Heredia \u2018Jos\u00e9 del Calli\u2019 (C\u00f3rdoba) con minera, levantica, sole\u00e1 y tientos; Bel\u00e9n Vega Rus \u2018Bel\u00e9n Vega\u2019 (Ja\u00e9n) con taranta y seguiriya, y Jos\u00e9 Antonio Romero P\u00e9rez \u2018El Perrito\u2019 (C\u00e1diz) con minera, cartagenera, malague\u00f1a y alegr\u00edas.<\/p>\n<p>En baile participar\u00e1n Jenifer Ruiz Hilario \u2018Jenifer Ruiz\u2019 (Almer\u00eda) con taranto y sole\u00e1; y Salom\u00e9 Ram\u00edrez Almagro \u2018Salom\u00e9 Ram\u00edrez\u2019 (C\u00e1diz) con taranto y alegr\u00edas. En guitarra, Toni Abell\u00e1n S\u00e1nchez<\/p>\n<p>\u2018Toni Abell\u00e1n\u2019 (Barcelona) con taranta y fandangos de Huelva y Jes\u00fas Carbonell Jim\u00e9nez \u2018Jes\u00fas Carbonell\u2019 (Navarra) con taranta y alegr\u00edas.<\/p>\n<p>El instrumentista ser\u00e1 Manuel Moreno Ram\u00edrez (Huelva) tocando taranta y farruca con el piano.<\/p>\n<p>Los seleccionados para la final se sabr\u00e1n durante la madrugada. Ya el d\u00eda 9 se celebrar\u00e1 la gran final y se conocer\u00e1n los ganadores de los trofeos \u2018L\u00e1mpara Minera\u2019, \u2018Fil\u00f3n\u2019, \u2018Bord\u00f3n Minero\u2019 y \u2018Desplante\u2019.<\/p>\n","protected":false},"excerpt":{"rendered":"<p>Las semifinales del concurso de la 64\u00aa edici\u00f3n del Festival Internacional del Cante de las Minas van llegando a su fin. Anoche tuvo lugar la segunda jornada, de nuevo con una exhibici\u00f3n de toque, cante, baile e instrumentaci\u00f3n flamenca. En esta \u00faltima categor\u00eda participaron Jos\u00e9 Carlos Esteban-Hanza Fern\u00e1ndez \u2018Jos\u00e9 Carlos Hanza Fern\u00e1ndez\u2019 (Almer\u00eda) con su [&hellip;]<\/p>\n","protected":false},"author":2,"featured_media":2327,"comment_status":"closed","ping_status":"closed","sticky":false,"template":"","format":"standard","meta":{"footnotes":""},"categories":[5],"tags":[],"class_list":["post-2326","post","type-post","status-publish","format-standard","has-post-thumbnail","hentry","category-noticias"],"_links":{"self":[{"href":"http:\/\/radiounion.es\/index.php\/wp-json\/wp\/v2\/posts\/2326","targetHints":{"allow":["GET"]}}],"collection":[{"href":"http:\/\/radiounion.es\/index.php\/wp-json\/wp\/v2\/posts"}],"about":[{"href":"http:\/\/radiounion.es\/index.php\/wp-json\/wp\/v2\/types\/post"}],"author":[{"embeddable":true,"href":"http:\/\/radiounion.es\/index.php\/wp-json\/wp\/v2\/users\/2"}],"replies":[{"embeddable":true,"href":"http:\/\/radiounion.es\/index.php\/wp-json\/wp\/v2\/comments?post=2326"}],"version-history":[{"count":1,"href":"http:\/\/radiounion.es\/index.php\/wp-json\/wp\/v2\/posts\/2326\/revisions"}],"predecessor-version":[{"id":2328,"href":"http:\/\/radiounion.es\/index.php\/wp-json\/wp\/v2\/posts\/2326\/revisions\/2328"}],"wp:featuredmedia":[{"embeddable":true,"href":"http:\/\/radiounion.es\/index.php\/wp-json\/wp\/v2\/media\/2327"}],"wp:attachment":[{"href":"http:\/\/radiounion.es\/index.php\/wp-json\/wp\/v2\/media?parent=2326"}],"wp:term":[{"taxonomy":"category","embeddable":true,"href":"http:\/\/radiounion.es\/index.php\/wp-json\/wp\/v2\/categories?post=2326"},{"taxonomy":"post_tag","embeddable":true,"href":"http:\/\/radiounion.es\/index.php\/wp-json\/wp\/v2\/tags?post=2326"}],"curies":[{"name":"wp","href":"https:\/\/api.w.org\/{rel}","templated":true}]}}