{"id":2376,"date":"2025-09-16T07:32:00","date_gmt":"2025-09-16T05:32:00","guid":{"rendered":"https:\/\/radiounion.es\/?p=2376"},"modified":"2025-09-16T07:32:00","modified_gmt":"2025-09-16T05:32:00","slug":"azucar-moreno-reggaeton-fest-y-la-noche-remember-destacan-en-la-programacion-de-las-fiestas-de-la-union-2025","status":"publish","type":"post","link":"http:\/\/radiounion.es\/index.php\/2025\/09\/16\/azucar-moreno-reggaeton-fest-y-la-noche-remember-destacan-en-la-programacion-de-las-fiestas-de-la-union-2025\/","title":{"rendered":"Az\u00facar Moreno, Reggaeton Fest y La Noche Remember destacan en la programaci\u00f3n de las fiestas de La Uni\u00f3n 2025"},"content":{"rendered":"<p><strong>Programaci\u00f3n de las Fiestas de La Uni\u00f3n 2025<\/strong><\/p>\n<p>El programa festivo reunir\u00e1 citas tan esperadas como el La Uni\u00f3n Reggaet\u00f3n Fest, el Remember Fest, los 40 Principales, el espect\u00e1culo infantil Festival Kids Gelatina, la Noche del Humor con Jos\u00e9 Campoy y David Dom\u00ednguez, as\u00ed como los conciertos de La Banda de Ases, Tributo a Mocedades y Az\u00facar Moreno, que actuar\u00e1 el s\u00e1bado 11 de octubre.<\/p>\n<p>Todas las actividades se desarrollar\u00e1n en el Recinto Ferial de la Plaza Joaqu\u00edn Costa, donde tambi\u00e9n se celebrar\u00e1n los actos principales de las fiestas.<\/p>\n<p><strong>Comidas populares<\/strong><\/p>\n<p>Con el objetivo de que todos los unionenses puedan disfrutar de las fiestas de la misma manera, el Ayuntamiento mantiene su apuesta por las comidas populares, entre las que destacan la paella gigante, el bocadillo gigante y las tradicionales migas, que cada a\u00f1o re\u00fanen a cientos de vecinos y visitantes.<\/p>\n<p><strong>Actividades solidarias y concursos<\/strong><\/p>\n<p>El programa contar\u00e1 tambi\u00e9n con la tradicional Marcha Solidaria de la Asociaci\u00f3n Espa\u00f1ola Contra el C\u00e1ncer (AECC) de La Uni\u00f3n y la Ca\u00f1a Solidaria, que se celebrar\u00e1n el domingo 5 de octubre.<\/p>\n<p>A estas citas se suman los concursos tradicionales y el Concurso de Paellas, que tendr\u00e1 lugar el domingo 12 de octubre, considerado uno de los actos m\u00e1s queridos por los unionenses y que el Ayuntamiento quiere seguir manteniendo como s\u00edmbolo tanto de solidaridad como de participaci\u00f3n colectiva<\/p>\n<p><strong>Unas fiestas para todos<\/strong><\/p>\n<p>El alcalde subray\u00f3 que el objetivo de la programaci\u00f3n es \u201cofrecer alternativas de ocio seguras, diversas y de calidad, que re\u00fanan a generaciones diferentes en torno a la m\u00fasica, el humor, la tradici\u00f3n y la participaci\u00f3n de todos\u201d.<\/p>\n<p>Adem\u00e1s, el Ayuntamiento ha habilitado espacios reservados para personas con movilidad reducida: en la Cabalgata del 4 de octubre y en el Desfile de Carrozas del 11 de octubre, frente a la Casa Consistorial, as\u00ed como en todos los conciertos del Recinto Ferial (Plaza Joaqu\u00edn Costa), con el objetivo de garantizar la accesibilidad y la inclusi\u00f3n de todos los asistentes.<\/p>\n<p>Finalmente, Joaqu\u00edn Zapata invit\u00f3 a vecinos y visitantes a participar: \u201cDel 3 al 12 de octubre, os esperamos en La Uni\u00f3n para vivir juntos la alegr\u00eda de nuestras fiestas, nuestras tradiciones y el mejor ambiente festivo\u201d.<\/p>\n","protected":false},"excerpt":{"rendered":"<p>Programaci\u00f3n de las Fiestas de La Uni\u00f3n 2025 El programa festivo reunir\u00e1 citas tan esperadas como el La Uni\u00f3n Reggaet\u00f3n Fest, el Remember Fest, los 40 Principales, el espect\u00e1culo infantil Festival Kids Gelatina, la Noche del Humor con Jos\u00e9 Campoy y David Dom\u00ednguez, as\u00ed como los conciertos de La Banda de Ases, Tributo a Mocedades [&hellip;]<\/p>\n","protected":false},"author":2,"featured_media":2377,"comment_status":"closed","ping_status":"closed","sticky":false,"template":"","format":"standard","meta":{"footnotes":""},"categories":[5],"tags":[],"class_list":["post-2376","post","type-post","status-publish","format-standard","has-post-thumbnail","hentry","category-noticias"],"_links":{"self":[{"href":"http:\/\/radiounion.es\/index.php\/wp-json\/wp\/v2\/posts\/2376","targetHints":{"allow":["GET"]}}],"collection":[{"href":"http:\/\/radiounion.es\/index.php\/wp-json\/wp\/v2\/posts"}],"about":[{"href":"http:\/\/radiounion.es\/index.php\/wp-json\/wp\/v2\/types\/post"}],"author":[{"embeddable":true,"href":"http:\/\/radiounion.es\/index.php\/wp-json\/wp\/v2\/users\/2"}],"replies":[{"embeddable":true,"href":"http:\/\/radiounion.es\/index.php\/wp-json\/wp\/v2\/comments?post=2376"}],"version-history":[{"count":1,"href":"http:\/\/radiounion.es\/index.php\/wp-json\/wp\/v2\/posts\/2376\/revisions"}],"predecessor-version":[{"id":2378,"href":"http:\/\/radiounion.es\/index.php\/wp-json\/wp\/v2\/posts\/2376\/revisions\/2378"}],"wp:featuredmedia":[{"embeddable":true,"href":"http:\/\/radiounion.es\/index.php\/wp-json\/wp\/v2\/media\/2377"}],"wp:attachment":[{"href":"http:\/\/radiounion.es\/index.php\/wp-json\/wp\/v2\/media?parent=2376"}],"wp:term":[{"taxonomy":"category","embeddable":true,"href":"http:\/\/radiounion.es\/index.php\/wp-json\/wp\/v2\/categories?post=2376"},{"taxonomy":"post_tag","embeddable":true,"href":"http:\/\/radiounion.es\/index.php\/wp-json\/wp\/v2\/tags?post=2376"}],"curies":[{"name":"wp","href":"https:\/\/api.w.org\/{rel}","templated":true}]}}