{"id":495,"date":"2024-04-08T11:07:12","date_gmt":"2024-04-08T09:07:12","guid":{"rendered":"https:\/\/radiounion.es\/?p=495"},"modified":"2024-04-09T15:25:06","modified_gmt":"2024-04-09T13:25:06","slug":"anabel-de-vico-y-miriam-cantero-se-alzan-con-los-primeros-premios-del-xxi-certamen-de-saetas-y-cantes-mineros","status":"publish","type":"post","link":"http:\/\/radiounion.es\/index.php\/2024\/04\/08\/anabel-de-vico-y-miriam-cantero-se-alzan-con-los-primeros-premios-del-xxi-certamen-de-saetas-y-cantes-mineros\/","title":{"rendered":"Anabel de Vico y Miriam Cantero se alzan con los premios del XXI Certamen de Saetas y Cantes Mineros"},"content":{"rendered":"<p>El XXI Certamen de Saetas y Cantes Mineros de Pasi\u00f3n \u2018Ciudad de La Uni\u00f3n\u2019 ya tiene ganadores. La Iglesia Nuestra Se\u00f1ora del Rosario acogi\u00f3 la final del concurso que hizo alz\u00f3 a la sevillana Anabel Rodr\u00edguez Rosado \u2018Anabel de Vico\u2019 con el trofeo \u2018Esteban Bernal Velasco\u2019 al ganar el primer premio de Cantes Mineros de Pasi\u00f3n, dotado con 1.800 euros.<\/p>\n<p>&nbsp;<\/p>\n<p>El primer premio de Saetas fue para la extreme\u00f1a Miriam Cantero, dotado con otros 1.800 euros y el trofeo \u2018Isabel D\u00edaz La Levantina\u2019, quedando el gaditano Juan Antonio Romero \u2018El Perrito\u2019 como segundo clasificado en esta categor\u00eda, dotado con 1.000 euros y diploma. El Premio Especial a J\u00f3venes recay\u00f3 sobre Leonor L\u00f3pez (Ja\u00e9n), con otros 1.000 euros de premio.<\/p>\n<p>&nbsp;<\/p>\n<p>Durante el acto, en el que estuvieron presentes numerosas personalidades del municipio, vecinos y visitantes, el alcalde y presidente de la Fundaci\u00f3n Cante de las Minas, Joaqu\u00edn Zapata, hizo entrega de una distinci\u00f3n al fundador del Primer Certamen de Saetas, Juan Francisco P\u00e9rez Avil\u00e9s, miembro del jurado de esta edici\u00f3n junto a On\u00e9simo Samuel Hern\u00e1ndez y Juan Antonio S\u00e1nchez, quienes destacaron el alto nivel de esta final. Tambi\u00e9n entreg\u00f3 la medalla de Cronista Oficial a Gonzalo Wandosell.<\/p>\n","protected":false},"excerpt":{"rendered":"<p>El XXI Certamen de Saetas y Cantes Mineros de Pasi\u00f3n \u2018Ciudad de La Uni\u00f3n\u2019 ya tiene ganadores. La Iglesia Nuestra Se\u00f1ora del Rosario acogi\u00f3 la final del concurso que hizo alz\u00f3 a la sevillana Anabel Rodr\u00edguez Rosado \u2018Anabel de Vico\u2019 con el trofeo \u2018Esteban Bernal Velasco\u2019 al ganar el primer premio de Cantes Mineros de [&hellip;]<\/p>\n","protected":false},"author":2,"featured_media":504,"comment_status":"open","ping_status":"open","sticky":false,"template":"","format":"standard","meta":{"footnotes":""},"categories":[5],"tags":[],"class_list":["post-495","post","type-post","status-publish","format-standard","has-post-thumbnail","hentry","category-noticias"],"_links":{"self":[{"href":"http:\/\/radiounion.es\/index.php\/wp-json\/wp\/v2\/posts\/495","targetHints":{"allow":["GET"]}}],"collection":[{"href":"http:\/\/radiounion.es\/index.php\/wp-json\/wp\/v2\/posts"}],"about":[{"href":"http:\/\/radiounion.es\/index.php\/wp-json\/wp\/v2\/types\/post"}],"author":[{"embeddable":true,"href":"http:\/\/radiounion.es\/index.php\/wp-json\/wp\/v2\/users\/2"}],"replies":[{"embeddable":true,"href":"http:\/\/radiounion.es\/index.php\/wp-json\/wp\/v2\/comments?post=495"}],"version-history":[{"count":2,"href":"http:\/\/radiounion.es\/index.php\/wp-json\/wp\/v2\/posts\/495\/revisions"}],"predecessor-version":[{"id":534,"href":"http:\/\/radiounion.es\/index.php\/wp-json\/wp\/v2\/posts\/495\/revisions\/534"}],"wp:featuredmedia":[{"embeddable":true,"href":"http:\/\/radiounion.es\/index.php\/wp-json\/wp\/v2\/media\/504"}],"wp:attachment":[{"href":"http:\/\/radiounion.es\/index.php\/wp-json\/wp\/v2\/media?parent=495"}],"wp:term":[{"taxonomy":"category","embeddable":true,"href":"http:\/\/radiounion.es\/index.php\/wp-json\/wp\/v2\/categories?post=495"},{"taxonomy":"post_tag","embeddable":true,"href":"http:\/\/radiounion.es\/index.php\/wp-json\/wp\/v2\/tags?post=495"}],"curies":[{"name":"wp","href":"https:\/\/api.w.org\/{rel}","templated":true}]}}