{"id":716,"date":"2024-04-23T08:40:41","date_gmt":"2024-04-23T06:40:41","guid":{"rendered":"https:\/\/radiounion.es\/?p=716"},"modified":"2024-04-23T08:40:41","modified_gmt":"2024-04-23T06:40:41","slug":"mas-de-150-atletas-se-daran-cita-en-el-viii-triatlon-audi-bahia-de-portman-2024","status":"publish","type":"post","link":"http:\/\/radiounion.es\/index.php\/2024\/04\/23\/mas-de-150-atletas-se-daran-cita-en-el-viii-triatlon-audi-bahia-de-portman-2024\/","title":{"rendered":"M\u00e1s de 150 atletas se dar\u00e1n cita en el VIII Triatl\u00f3n Audi Bah\u00eda de Portm\u00e1n 2024"},"content":{"rendered":"<p>La prueba, que tendr\u00e1 lugar el domingo, ha sido organizada por el Ayuntamiento, la Federaci\u00f3n de Triatl\u00f3n de la Regi\u00f3n de Murcia y el Club N\u00e1utico de Portm\u00e1n.<\/p>\n<p>El alcalde ha presentado hoy, junto con el presidente del Club Na\u00fatico de Portm\u00e1n, Blas Isaac Calventus, el director de Ventas de Audi Huertas Motor Cartagena, Alfonso Garc\u00eda, y el paraatleta, campe\u00f3n del mundo de Triatl\u00f3n, Duatl\u00f3n y Acuatl\u00f3n y representante de la Federaci\u00f3n de Triatl\u00f3n de la Regi\u00f3n de Murcia, Ricardo Mar\u00edn, as\u00ed como miembros del equipo de Gobierno, el VIII Triatl\u00f3n Audi Bah\u00eda de Portm\u00e1n, que se celebra el pr\u00f3ximo domingo.<\/p>\n<p>Los recorridos de la prueba son los siguientes:<\/p>\n<p>\u2013 Tramo a nado: 1.000 metros (una vuelta).<\/p>\n<p>\u2013 Tramo en bicicleta: 30 kil\u00f3metros (dos vueltas a un circuito de 15 kil\u00f3metros).<\/p>\n<p>\u2013 Tramo a pie: seis kil\u00f3metros (dos vueltas a un circuito de tres kil\u00f3metros).<\/p>\n<p>Las categor\u00edas incluidas son Junior, Sub-23, Absoluta, Veteranos I, Veteranos II y Veteranos III y Local, tanto en la modalidad masculina como femenina.<\/p>\n<p>El alcalde destac\u00f3 que \u201cestamos muy satisfechos con la organizaci\u00f3n de este triatl\u00f3n que se hace mano a mano entre la Federaci\u00f3n, el Club N\u00e1utico de Portm\u00e1n y el Ayuntamiento y que es posible gracias al apoyo de los m\u00e1s de 150 atletas que competir\u00e1n en una dura prueba a la antigua\u201d. \u201cTambi\u00e9n queremos expresar nuestro agradecimiento al patrocinio de Audi Huertas Motor, porque es indispensable unir deporte con referentes del mundo empresarial de la zona, y para nosotros es una satisfacci\u00f3n poder contar con ellos\u201d.<\/p>\n<p>&nbsp;<\/p>\n<p>Fuente: Ayuntamiento de La Uni\u00f3n<\/p>\n","protected":false},"excerpt":{"rendered":"<p>La prueba, que tendr\u00e1 lugar el domingo, ha sido organizada por el Ayuntamiento, la Federaci\u00f3n de Triatl\u00f3n de la Regi\u00f3n de Murcia y el Club N\u00e1utico de Portm\u00e1n. El alcalde ha presentado hoy, junto con el presidente del Club Na\u00fatico de Portm\u00e1n, Blas Isaac Calventus, el director de Ventas de Audi Huertas Motor Cartagena, Alfonso [&hellip;]<\/p>\n","protected":false},"author":2,"featured_media":717,"comment_status":"open","ping_status":"open","sticky":false,"template":"","format":"standard","meta":{"footnotes":""},"categories":[5],"tags":[],"class_list":["post-716","post","type-post","status-publish","format-standard","has-post-thumbnail","hentry","category-noticias"],"_links":{"self":[{"href":"http:\/\/radiounion.es\/index.php\/wp-json\/wp\/v2\/posts\/716","targetHints":{"allow":["GET"]}}],"collection":[{"href":"http:\/\/radiounion.es\/index.php\/wp-json\/wp\/v2\/posts"}],"about":[{"href":"http:\/\/radiounion.es\/index.php\/wp-json\/wp\/v2\/types\/post"}],"author":[{"embeddable":true,"href":"http:\/\/radiounion.es\/index.php\/wp-json\/wp\/v2\/users\/2"}],"replies":[{"embeddable":true,"href":"http:\/\/radiounion.es\/index.php\/wp-json\/wp\/v2\/comments?post=716"}],"version-history":[{"count":1,"href":"http:\/\/radiounion.es\/index.php\/wp-json\/wp\/v2\/posts\/716\/revisions"}],"predecessor-version":[{"id":718,"href":"http:\/\/radiounion.es\/index.php\/wp-json\/wp\/v2\/posts\/716\/revisions\/718"}],"wp:featuredmedia":[{"embeddable":true,"href":"http:\/\/radiounion.es\/index.php\/wp-json\/wp\/v2\/media\/717"}],"wp:attachment":[{"href":"http:\/\/radiounion.es\/index.php\/wp-json\/wp\/v2\/media?parent=716"}],"wp:term":[{"taxonomy":"category","embeddable":true,"href":"http:\/\/radiounion.es\/index.php\/wp-json\/wp\/v2\/categories?post=716"},{"taxonomy":"post_tag","embeddable":true,"href":"http:\/\/radiounion.es\/index.php\/wp-json\/wp\/v2\/tags?post=716"}],"curies":[{"name":"wp","href":"https:\/\/api.w.org\/{rel}","templated":true}]}}