{"id":841,"date":"2024-05-07T08:59:31","date_gmt":"2024-05-07T06:59:31","guid":{"rendered":"https:\/\/radiounion.es\/?p=841"},"modified":"2024-05-07T09:15:54","modified_gmt":"2024-05-07T07:15:54","slug":"la-union-celebra-la-noche-de-los-museos-el-11-de-mayo","status":"publish","type":"post","link":"http:\/\/radiounion.es\/index.php\/2024\/05\/07\/la-union-celebra-la-noche-de-los-museos-el-11-de-mayo\/","title":{"rendered":"La Uni\u00f3n celebra la Noche de los Museos el 11 de mayo"},"content":{"rendered":"<p>El alcalde ha presentado el cartel y la programaci\u00f3n de la Noche de los Museos 2024, que se celebra el pr\u00f3ximo s\u00e1bado 11 de mayo en La Uni\u00f3n. Le han acompa\u00f1ado el concejal de Turismo, David Blasco y el responsable del Archivo Municipal y director del Museo Minero, Gonzalo Vicente Pag\u00e1n. La programaci\u00f3n se extender\u00e1 desde las 11 de la ma\u00f1ana hasta la una de la madrugada.<\/p>\n<p>Desde las 11 de la ma\u00f1ana hasta la una de la madrugada habr\u00e1 una extensa jornada de actividades culturales, que incluyen visitas y actividades a todos los museos y salas de exposiciones del municipio. Tambi\u00e9n habr\u00e1 conciertos, cuentacuentos, visita al observatorio de estrellas, visita al paraje El Chorrillo, as\u00ed como un lanzamiento de farolillos y actuaci\u00f3n de un DJ.<\/p>\n<p><img fetchpriority=\"high\" decoding=\"async\" class=\"alignnone size-medium wp-image-845\" src=\"http:\/\/radiounion.es\/wp-content\/uploads\/2024\/05\/museos01-212x300.jpg\" alt=\"\" width=\"212\" height=\"300\" srcset=\"http:\/\/radiounion.es\/wp-content\/uploads\/2024\/05\/museos01-212x300.jpg 212w, http:\/\/radiounion.es\/wp-content\/uploads\/2024\/05\/museos01-724x1024.jpg 724w, http:\/\/radiounion.es\/wp-content\/uploads\/2024\/05\/museos01-768x1086.jpg 768w, http:\/\/radiounion.es\/wp-content\/uploads\/2024\/05\/museos01.jpg 1018w\" sizes=\"(max-width: 212px) 100vw, 212px\" \/><\/p>\n<p>&nbsp;<\/p>\n<p>Fuente: Ayuntamiento de La Uni\u00f3n<\/p>\n<p>&nbsp;<\/p>\n","protected":false},"excerpt":{"rendered":"<p>El alcalde ha presentado el cartel y la programaci\u00f3n de la Noche de los Museos 2024, que se celebra el pr\u00f3ximo s\u00e1bado 11 de mayo en La Uni\u00f3n. Le han acompa\u00f1ado el concejal de Turismo, David Blasco y el responsable del Archivo Municipal y director del Museo Minero, Gonzalo Vicente Pag\u00e1n. La programaci\u00f3n se extender\u00e1 [&hellip;]<\/p>\n","protected":false},"author":2,"featured_media":843,"comment_status":"open","ping_status":"open","sticky":false,"template":"","format":"standard","meta":{"footnotes":""},"categories":[5],"tags":[],"class_list":["post-841","post","type-post","status-publish","format-standard","has-post-thumbnail","hentry","category-noticias"],"_links":{"self":[{"href":"http:\/\/radiounion.es\/index.php\/wp-json\/wp\/v2\/posts\/841","targetHints":{"allow":["GET"]}}],"collection":[{"href":"http:\/\/radiounion.es\/index.php\/wp-json\/wp\/v2\/posts"}],"about":[{"href":"http:\/\/radiounion.es\/index.php\/wp-json\/wp\/v2\/types\/post"}],"author":[{"embeddable":true,"href":"http:\/\/radiounion.es\/index.php\/wp-json\/wp\/v2\/users\/2"}],"replies":[{"embeddable":true,"href":"http:\/\/radiounion.es\/index.php\/wp-json\/wp\/v2\/comments?post=841"}],"version-history":[{"count":3,"href":"http:\/\/radiounion.es\/index.php\/wp-json\/wp\/v2\/posts\/841\/revisions"}],"predecessor-version":[{"id":847,"href":"http:\/\/radiounion.es\/index.php\/wp-json\/wp\/v2\/posts\/841\/revisions\/847"}],"wp:featuredmedia":[{"embeddable":true,"href":"http:\/\/radiounion.es\/index.php\/wp-json\/wp\/v2\/media\/843"}],"wp:attachment":[{"href":"http:\/\/radiounion.es\/index.php\/wp-json\/wp\/v2\/media?parent=841"}],"wp:term":[{"taxonomy":"category","embeddable":true,"href":"http:\/\/radiounion.es\/index.php\/wp-json\/wp\/v2\/categories?post=841"},{"taxonomy":"post_tag","embeddable":true,"href":"http:\/\/radiounion.es\/index.php\/wp-json\/wp\/v2\/tags?post=841"}],"curies":[{"name":"wp","href":"https:\/\/api.w.org\/{rel}","templated":true}]}}