{"id":868,"date":"2024-05-09T08:59:28","date_gmt":"2024-05-09T06:59:28","guid":{"rendered":"https:\/\/radiounion.es\/?p=868"},"modified":"2024-05-09T08:59:28","modified_gmt":"2024-05-09T06:59:28","slug":"la-union-homenajea-a-maria-cegarra-y-a-encarnacion-fernandez-dentro-del-proyecto-murcia-region-de-mujeres","status":"publish","type":"post","link":"http:\/\/radiounion.es\/index.php\/2024\/05\/09\/la-union-homenajea-a-maria-cegarra-y-a-encarnacion-fernandez-dentro-del-proyecto-murcia-region-de-mujeres\/","title":{"rendered":"La Uni\u00f3n homenajea a Mar\u00eda Cegarra y a Encarnaci\u00f3n Fern\u00e1ndez dentro del proyecto \u00abMurcia Regi\u00f3n de Mujeres\u00bb"},"content":{"rendered":"<p>Ayer se colocaron las placas homenaje dedicadas a la qu\u00edmica y poeta Mar\u00eda Cegarra, en el Instituto de Educaci\u00f3n Secundaria que lleva su nombre y a la cantaora flamenca Encarnaci\u00f3n Fern\u00e1ndez, en la plaza que le rinde homenaje en la calle Espartero.<\/p>\n<p>Esta iniciativa se enmarca en el proyecto \u2018Murcia Regi\u00f3n de Mujeres\u2019, que nace para ir creciendo e incorporando nuevas historias y referentes con el fin de dar visibilizaci\u00f3n a las mujeres emblem\u00e1ticas de la Regi\u00f3n de Murcia, a trav\u00e9s del uso de espacios urban\u00edsticos y arquitect\u00f3nicos concretos como calles, monumentos, edificios p\u00fablicos, de toda la geograf\u00eda regional, reivindicando as\u00ed la importancia que merecen.<\/p>\n<p>La Uni\u00f3n es el segundo municipio de la Regi\u00f3n donde se ha llevado a cabo el proyecto, que realiza el Estudio Creativo Paparajote.<\/p>\n<p>&nbsp;<\/p>\n<p>Fuente: Ayuntamiento de La Uni\u00f3n<\/p>\n","protected":false},"excerpt":{"rendered":"<p>Ayer se colocaron las placas homenaje dedicadas a la qu\u00edmica y poeta Mar\u00eda Cegarra, en el Instituto de Educaci\u00f3n Secundaria que lleva su nombre y a la cantaora flamenca Encarnaci\u00f3n Fern\u00e1ndez, en la plaza que le rinde homenaje en la calle Espartero. Esta iniciativa se enmarca en el proyecto \u2018Murcia Regi\u00f3n de Mujeres\u2019, que nace [&hellip;]<\/p>\n","protected":false},"author":2,"featured_media":869,"comment_status":"open","ping_status":"open","sticky":false,"template":"","format":"standard","meta":{"footnotes":""},"categories":[5],"tags":[],"class_list":["post-868","post","type-post","status-publish","format-standard","has-post-thumbnail","hentry","category-noticias"],"_links":{"self":[{"href":"http:\/\/radiounion.es\/index.php\/wp-json\/wp\/v2\/posts\/868","targetHints":{"allow":["GET"]}}],"collection":[{"href":"http:\/\/radiounion.es\/index.php\/wp-json\/wp\/v2\/posts"}],"about":[{"href":"http:\/\/radiounion.es\/index.php\/wp-json\/wp\/v2\/types\/post"}],"author":[{"embeddable":true,"href":"http:\/\/radiounion.es\/index.php\/wp-json\/wp\/v2\/users\/2"}],"replies":[{"embeddable":true,"href":"http:\/\/radiounion.es\/index.php\/wp-json\/wp\/v2\/comments?post=868"}],"version-history":[{"count":1,"href":"http:\/\/radiounion.es\/index.php\/wp-json\/wp\/v2\/posts\/868\/revisions"}],"predecessor-version":[{"id":870,"href":"http:\/\/radiounion.es\/index.php\/wp-json\/wp\/v2\/posts\/868\/revisions\/870"}],"wp:featuredmedia":[{"embeddable":true,"href":"http:\/\/radiounion.es\/index.php\/wp-json\/wp\/v2\/media\/869"}],"wp:attachment":[{"href":"http:\/\/radiounion.es\/index.php\/wp-json\/wp\/v2\/media?parent=868"}],"wp:term":[{"taxonomy":"category","embeddable":true,"href":"http:\/\/radiounion.es\/index.php\/wp-json\/wp\/v2\/categories?post=868"},{"taxonomy":"post_tag","embeddable":true,"href":"http:\/\/radiounion.es\/index.php\/wp-json\/wp\/v2\/tags?post=868"}],"curies":[{"name":"wp","href":"https:\/\/api.w.org\/{rel}","templated":true}]}}