{"id":871,"date":"2024-05-10T08:54:55","date_gmt":"2024-05-10T06:54:55","guid":{"rendered":"http:\/\/radiounion.es\/?p=871"},"modified":"2024-05-10T08:54:55","modified_gmt":"2024-05-10T06:54:55","slug":"el-puerto-de-cartagena-se-situa-entre-los-primeros-de-europa","status":"publish","type":"post","link":"http:\/\/radiounion.es\/index.php\/2024\/05\/10\/el-puerto-de-cartagena-se-situa-entre-los-primeros-de-europa\/","title":{"rendered":"El Puerto de Cartagena se sit\u00faa entre los primeros de Europa"},"content":{"rendered":"<p>El n\u00famero veinte en el ranking de los treinta principales puertos de la Uni\u00f3n Europea en tr\u00e1fico total de mercanc\u00edas es donde se sit\u00faa el Puerto de Cartagena en el pasado ejercicio, seg\u00fan la Autoridad Portuaria. Adem\u00e1s, es uno de los seis puertos de la Uni\u00f3n Europea que m\u00e1s crece en tr\u00e1fico de mercanc\u00edas, con 37,6 millones de toneladas. El tr\u00e1fico de granel s\u00f3lido lider\u00f3 ese crecimiento con un 19,23% m\u00e1s que en 2022 y 8,75 millones de toneladas.<\/p>\n<p>\u00abLa escalada en nuestro volumen de mercanc\u00edas nos revalid\u00f3 en 2023 como el cuarto puerto espa\u00f1ol, l\u00edder en tr\u00e1fico de comercio exterior en el sistema portuario espa\u00f1ol, primero en tr\u00e1fico de graneles y tambi\u00e9n en importaciones\u00bb, a\u00f1adi\u00f3 el vicepresidente de la Autoridad Portuaria, Pedro Pablo Hern\u00e1ndez.<\/p>\n<p>En el top treinta de puertos de la Uni\u00f3n Europa por tr\u00e1fico de mercanc\u00edas en 2023 hay siete espa\u00f1oles. Cartagena es el cuarto del sistema portuario por detr\u00e1s de Algeciras, Valencia y Barcelona.<\/p>\n","protected":false},"excerpt":{"rendered":"<p>El n\u00famero veinte en el ranking de los treinta principales puertos de la Uni\u00f3n Europea en tr\u00e1fico total de mercanc\u00edas es donde se sit\u00faa el Puerto de Cartagena en el pasado ejercicio, seg\u00fan la Autoridad Portuaria. Adem\u00e1s, es uno de los seis puertos de la Uni\u00f3n Europea que m\u00e1s crece en tr\u00e1fico de mercanc\u00edas, con [&hellip;]<\/p>\n","protected":false},"author":2,"featured_media":872,"comment_status":"open","ping_status":"open","sticky":false,"template":"","format":"standard","meta":{"footnotes":""},"categories":[5],"tags":[],"class_list":["post-871","post","type-post","status-publish","format-standard","has-post-thumbnail","hentry","category-noticias"],"_links":{"self":[{"href":"http:\/\/radiounion.es\/index.php\/wp-json\/wp\/v2\/posts\/871","targetHints":{"allow":["GET"]}}],"collection":[{"href":"http:\/\/radiounion.es\/index.php\/wp-json\/wp\/v2\/posts"}],"about":[{"href":"http:\/\/radiounion.es\/index.php\/wp-json\/wp\/v2\/types\/post"}],"author":[{"embeddable":true,"href":"http:\/\/radiounion.es\/index.php\/wp-json\/wp\/v2\/users\/2"}],"replies":[{"embeddable":true,"href":"http:\/\/radiounion.es\/index.php\/wp-json\/wp\/v2\/comments?post=871"}],"version-history":[{"count":1,"href":"http:\/\/radiounion.es\/index.php\/wp-json\/wp\/v2\/posts\/871\/revisions"}],"predecessor-version":[{"id":873,"href":"http:\/\/radiounion.es\/index.php\/wp-json\/wp\/v2\/posts\/871\/revisions\/873"}],"wp:featuredmedia":[{"embeddable":true,"href":"http:\/\/radiounion.es\/index.php\/wp-json\/wp\/v2\/media\/872"}],"wp:attachment":[{"href":"http:\/\/radiounion.es\/index.php\/wp-json\/wp\/v2\/media?parent=871"}],"wp:term":[{"taxonomy":"category","embeddable":true,"href":"http:\/\/radiounion.es\/index.php\/wp-json\/wp\/v2\/categories?post=871"},{"taxonomy":"post_tag","embeddable":true,"href":"http:\/\/radiounion.es\/index.php\/wp-json\/wp\/v2\/tags?post=871"}],"curies":[{"name":"wp","href":"https:\/\/api.w.org\/{rel}","templated":true}]}}