{"id":874,"date":"2024-05-13T08:40:38","date_gmt":"2024-05-13T06:40:38","guid":{"rendered":"https:\/\/radiounion.es\/?p=874"},"modified":"2024-05-13T08:40:38","modified_gmt":"2024-05-13T06:40:38","slug":"la-union-san-javier-comunidad-y-el-club-nautico-de-portman-en-la-xiii-edicion-de-la-regata-solidaria-carburo-de-plata","status":"publish","type":"post","link":"http:\/\/radiounion.es\/index.php\/2024\/05\/13\/la-union-san-javier-comunidad-y-el-club-nautico-de-portman-en-la-xiii-edicion-de-la-regata-solidaria-carburo-de-plata\/","title":{"rendered":"La Uni\u00f3n, San Javier, Comunidad y el Club N\u00e1utico de Portm\u00e1n en la XIII edici\u00f3n de la Regata Solidaria Carburo de Plata"},"content":{"rendered":"<p>\u00c9sta semana pasada se ha present\u00f3 en el Museo Minero la XIII edici\u00f3n de la Regata Solidaria Carburo de Plata, VIII Trofeo Audi Huertas Motor, V Trofeo Salacia a la Igualdad, que se celebrar\u00e1 en aguas de La Manga del Mar Menor, cercanas al Puerto Deportivo Tom\u00e1s Maestre, entre los d\u00edas 25 y 26 de mayo.<\/p>\n<p>M\u00e1s de 60 embarcaciones con 700 tripulantes, competir\u00e1n por el Trofeo Carburo de Plata, puntuable para el Campeonato de Espa\u00f1a de Cruceros 2024. La consejera de Turismo, Cultura, Juventud y Deportes, Carmen Conesa, ha sido nombrada Madrina de Honor de esta edici\u00f3n.<\/p>\n<p>El evento est\u00e1 organizado por el Club N\u00e1utico Portm\u00e1n, por delegaci\u00f3n de la Real Federaci\u00f3n Espa\u00f1ola de Vela, en colaboraci\u00f3n de la Comunidad Aut\u00f3noma de la Regi\u00f3n de Murcia, los Ayuntamientos de La Uni\u00f3n y San Javier, la Autoridad Portuaria de Cartagena, el Consejo Superior de Deportes, la Federaci\u00f3n de Vela de la Regi\u00f3n de Murcia, La Manga Consorcio y el Puerto Deportivo Tom\u00e1s Maestre.<\/p>\n<p>El alcalde ha destacado que \u201cestamos ante una regata de much\u00edsimo nivel, que tiene una gran relevancia en todo el territorio espa\u00f1ol y adem\u00e1s es siempre solidaria, con lo que estamos muy satisfechos por el trabajo que desempe\u00f1an todos los que lo hacen posible y por supuesto al Gobierno regional que apoya e impulsa esta regata desde hace ya mucho tiempo\u201d. Y ha a\u00f1adido que \u201cel trabajo, la ilusi\u00f3n y el esfuerzo que representa al Club N\u00e1utico de Portm\u00e1n y a todas las entidades deportivas del municipio, conforman el c\u00f3ctel que hace posible que tras sus trece ediciones ya haya sido nombrada con anterioridad la mejor regata de Espa\u00f1a\u201d.<\/p>\n<p>En esta edici\u00f3n, los beneficios recaudados ir\u00e1n a la asociaci\u00f3n ELA Regi\u00f3n de Murcia. Esta asociaci\u00f3n est\u00e1 formada por afectados, familiares de afectados y voluntarios colaboradores y nace con el objetivo de dar visibilidad a la enfermedad, promocionar la investigaci\u00f3n y mejorar la calidad de vida tanto a afectados como de familiares de afectados.<\/p>\n<p>El Trofeo Carburo de Plata se otorgar\u00e1 al primer clasificado, con certificado ORC, de la clasificaci\u00f3n general. El Trofeo Audi Huertas Motor se otorgar\u00e1 al segundo clasificado, con certificado ORC de la clasificaci\u00f3n general. El Trofeo Salacia, a la embarcaci\u00f3n con la mejor puntuaci\u00f3n en la clasificaci\u00f3n general ORC, cuya tripulaci\u00f3n al menos el 50 por ciento sea femenina o su patr\u00f3n sea mujer. El Trofeo \u2018Presidente Club N\u00e1utico Portm\u00e1n\u2019, ser\u00e1 elecci\u00f3n directa del presidente.<\/p>\n<p>Tambi\u00e9n habr\u00e1 un trofeo para el \u00faltimo clasificado, que haya finalizado todas las pruebas. Hay programadas 3 pruebas: Una regata costera el s\u00e1bado y dos regatas barlovento sotavento el domingo.<\/p>\n<p>Esta competici\u00f3n se ha consolidado en el panorama regional y nacional como un evento deportivo de primer nivel, situ\u00e1ndose en el \u2018Top Five\u2019 del ranking nacional.<\/p>\n<p>Otra de las caracter\u00edsticas que definen la Regata Carburo de Plata es su marcado car\u00e1cter solidario. Desde la primera edici\u00f3n, esta prueba deportiva ha donado m\u00e1s de 90.000 euros a proyectos ben\u00e9ficos e instituciones solidarias.<\/p>\n<p>Como novedad de esta edici\u00f3n, el Puerto Deportivo Tom\u00e1s Maestre, en La Manga del Mar Menor, ser\u00e1 la sede que dar\u00e1 cobijo a toda la flota y donde se instalar\u00e1 el \u201cVillage\u201d para la celebraci\u00f3n de todas las actividades sociales paralelas a la prueba deportiva.<\/p>\n<p>La primera salida de las embarcaciones al mar se realizar\u00e1 el s\u00e1bado 25 de mayo, con una regata costera, un recorrido de 17 millas n\u00e1uticas. Con salida desde Isla Grosa, en direcci\u00f3n a Cabo de Palos, virando hacia las Islas Hormigas, para finalizar en Isla Grosa. El domingo 22 de mayo, en el campo de regatas situado al sur de la Isla Grosa, se celebrar\u00e1 un recorrido barlovento\/sotavento, sobre una distancia de 1,9 millas.<\/p>\n<p>La XII Regata Solidaria Carburo de Plata cuenta con patrocinadores y colaboradores de primer nivel como: Audi Huertas Motor, Pr\u00e1cticos de Cartagena, Heineken, Caf\u00e9 Il Trovatore, Schweppes, Mar Menor-Cabo de Palos Estaci\u00f3n N\u00e1utica, Berlanga, SRG, \u00c9lite Sails, ASCH, Avante Mar\u00edtimo, Varadero La Manga, Lomen, VMP y el Club N\u00e1utico Villa de San Pedro.<\/p>\n<p>En la p\u00e1gina web <span class=\"html-span xdj266r x11i5rnm xat24cr x1mh8g0r xexx8yu x4uap5 x18d9i69 xkhd6sd x1hl2dhg x16tdsg8 x1vvkbs\"><a class=\"x1i10hfl xjbqb8w x1ejq31n xd10rxx x1sy0etr x17r0tee x972fbf xcfux6l x1qhh985 xm0m39n x9f619 x1ypdohk xt0psk2 xe8uvvx xdj266r x11i5rnm xat24cr x1mh8g0r xexx8yu x4uap5 x18d9i69 xkhd6sd x16tdsg8 xggy1nq x1a2a7pz xt0b8zv x1hl2dhg x1fey0fg\" tabindex=\"0\" role=\"link\" href=\"https:\/\/www.regatacarburodeplata.es\/?fbclid=IwZXh0bgNhZW0CMTAAAR2DnXF6twYJA5RpY4HCFsF6wow6C-7eg83vDgEQzDr-xdixDd7Si-0PlUg_aem_AdPB2ZHsvk8bvzwk02_9iLhidT-WrEQ3MxZWmNMm05rbRGs_SsYbhfnLDZi-67aCmWqDNevUna7PCy9VnE-dI2Oq\" target=\"_blank\" rel=\"nofollow noopener noreferrer\">www.regatacarburodeplata.es<\/a><\/span> podr\u00e1n obtener informaci\u00f3n m\u00e1s detallada sobre el programa de la regata y los patrocinadores de este a\u00f1o.<\/p>\n<p>&nbsp;<\/p>\n<p>Fuente: Ayuntamiento de La Uni\u00f3n<\/p>\n","protected":false},"excerpt":{"rendered":"<p>\u00c9sta semana pasada se ha present\u00f3 en el Museo Minero la XIII edici\u00f3n de la Regata Solidaria Carburo de Plata, VIII Trofeo Audi Huertas Motor, V Trofeo Salacia a la Igualdad, que se celebrar\u00e1 en aguas de La Manga del Mar Menor, cercanas al Puerto Deportivo Tom\u00e1s Maestre, entre los d\u00edas 25 y 26 de [&hellip;]<\/p>\n","protected":false},"author":2,"featured_media":875,"comment_status":"open","ping_status":"open","sticky":false,"template":"","format":"standard","meta":{"footnotes":""},"categories":[5],"tags":[],"class_list":["post-874","post","type-post","status-publish","format-standard","has-post-thumbnail","hentry","category-noticias"],"_links":{"self":[{"href":"http:\/\/radiounion.es\/index.php\/wp-json\/wp\/v2\/posts\/874","targetHints":{"allow":["GET"]}}],"collection":[{"href":"http:\/\/radiounion.es\/index.php\/wp-json\/wp\/v2\/posts"}],"about":[{"href":"http:\/\/radiounion.es\/index.php\/wp-json\/wp\/v2\/types\/post"}],"author":[{"embeddable":true,"href":"http:\/\/radiounion.es\/index.php\/wp-json\/wp\/v2\/users\/2"}],"replies":[{"embeddable":true,"href":"http:\/\/radiounion.es\/index.php\/wp-json\/wp\/v2\/comments?post=874"}],"version-history":[{"count":1,"href":"http:\/\/radiounion.es\/index.php\/wp-json\/wp\/v2\/posts\/874\/revisions"}],"predecessor-version":[{"id":876,"href":"http:\/\/radiounion.es\/index.php\/wp-json\/wp\/v2\/posts\/874\/revisions\/876"}],"wp:featuredmedia":[{"embeddable":true,"href":"http:\/\/radiounion.es\/index.php\/wp-json\/wp\/v2\/media\/875"}],"wp:attachment":[{"href":"http:\/\/radiounion.es\/index.php\/wp-json\/wp\/v2\/media?parent=874"}],"wp:term":[{"taxonomy":"category","embeddable":true,"href":"http:\/\/radiounion.es\/index.php\/wp-json\/wp\/v2\/categories?post=874"},{"taxonomy":"post_tag","embeddable":true,"href":"http:\/\/radiounion.es\/index.php\/wp-json\/wp\/v2\/tags?post=874"}],"curies":[{"name":"wp","href":"https:\/\/api.w.org\/{rel}","templated":true}]}}