{"id":942,"date":"2024-05-15T09:05:29","date_gmt":"2024-05-15T07:05:29","guid":{"rendered":"https:\/\/radiounion.es\/?p=942"},"modified":"2024-05-15T09:05:29","modified_gmt":"2024-05-15T07:05:29","slug":"artedanza-se-convierte-en-centro-de-formacion-asociado-al-cante-de-las-minas","status":"publish","type":"post","link":"http:\/\/radiounion.es\/index.php\/2024\/05\/15\/artedanza-se-convierte-en-centro-de-formacion-asociado-al-cante-de-las-minas\/","title":{"rendered":"ArteDanza se convierte en centro de formaci\u00f3n asociado al Cante de las Minas"},"content":{"rendered":"<p><strong>La escuela de flamenco ha firmado un convenio de colaboraci\u00f3n con la Fundaci\u00f3n Cante de las Minas para usar su marca en las actividades que promueven y realizan por diferentes puntos de la geograf\u00eda <\/strong><\/p>\n<p>&nbsp;<\/p>\n<p>Se suman en d\u00e9cadas los a\u00f1os que lleva la escuela ArteDanza creando cantera en La Uni\u00f3n en torno al baile flamenco. Su participaci\u00f3n en el Festival Internacional del Cante de las Minas se retoma a hace quince a\u00f1os, cuando gracias al D\u00eda de La Uni\u00f3n, que abre desde entonces este evento minero, sus alumnas subieron a las tablas del Antiguo Mercado P\u00fablico, la \u2018Catedral del Cante\u2019. Ahora, la escuela refuerza su v\u00ednculo con su tierra gracias a un nuevo convenio de colaboraci\u00f3n que convierte a ArteDanza en centro de formaci\u00f3n asociado al Cante de las Minas.<\/p>\n<p>Esta ma\u00f1ana el presidente de la Fundaci\u00f3n Cante de las Minas, Joaqu\u00edn Zapata, y la directora de la escuela, Mar\u00eda Elena Lorente Corv\u00ed, han firmado el documento que confirma esta nueva etapa conjunta que permitir\u00e1 a la escuela usar la denominaci\u00f3n y la marca de la Fundaci\u00f3n en las diferentes actividades que promueven y realizan en diferentes partes de la geograf\u00eda. De hecho, este fin de semana la Escuela se juega su paso a la convocatoria internacional del certamen \u2018Vive tu sue\u00f1o\u2019 tras haber sido vencedoras en baile flamenco del pase regional, que tuvo lugar hace unas semanas en \u00c1guilas. Por eso, ahora viajan hasta \u00c1vila buscando repetir la experiencia que hace unos a\u00f1os hizo que su baile se pudiera disfrutar en Roma: ser ganadoras nacionales en esta disciplina, mostrando una proyecci\u00f3n internacional que ahora se ve reforzada por el respaldo del Festival Internacional.<\/p>\n<p>\u201cQue el baile flamenco siga tan presente en La Uni\u00f3n y asegure su futuro es en parte gracias a esta escuela decana en nuestro municipio, que siempre ha estado dispuesta a participar en el Festival y en otros eventos que se hacen durante todo el a\u00f1o. No podemos olvidar la gran labor que comenz\u00f3 Cloti Corv\u00ed y que hoy, de mano de su hija Mar\u00eda Elena y actual directora de ArteDanza, contin\u00faa a\u00fan m\u00e1s unida a nuestro festival\u201d, indica Joaqu\u00edn Zapata. \u201cEstoy muy contenta de ver que nos siguen apoyando y ayudando\u201d, concluye Mar\u00eda Elena Lorente.<\/p>\n<p>&nbsp;<\/p>\n<p>Fuente: Fundaci\u00f3n Cante de las Minas<\/p>\n","protected":false},"excerpt":{"rendered":"<p>La escuela de flamenco ha firmado un convenio de colaboraci\u00f3n con la Fundaci\u00f3n Cante de las Minas para usar su marca en las actividades que promueven y realizan por diferentes puntos de la geograf\u00eda &nbsp; Se suman en d\u00e9cadas los a\u00f1os que lleva la escuela ArteDanza creando cantera en La Uni\u00f3n en torno al baile [&hellip;]<\/p>\n","protected":false},"author":2,"featured_media":943,"comment_status":"open","ping_status":"open","sticky":false,"template":"","format":"standard","meta":{"footnotes":""},"categories":[5],"tags":[],"class_list":["post-942","post","type-post","status-publish","format-standard","has-post-thumbnail","hentry","category-noticias"],"_links":{"self":[{"href":"http:\/\/radiounion.es\/index.php\/wp-json\/wp\/v2\/posts\/942","targetHints":{"allow":["GET"]}}],"collection":[{"href":"http:\/\/radiounion.es\/index.php\/wp-json\/wp\/v2\/posts"}],"about":[{"href":"http:\/\/radiounion.es\/index.php\/wp-json\/wp\/v2\/types\/post"}],"author":[{"embeddable":true,"href":"http:\/\/radiounion.es\/index.php\/wp-json\/wp\/v2\/users\/2"}],"replies":[{"embeddable":true,"href":"http:\/\/radiounion.es\/index.php\/wp-json\/wp\/v2\/comments?post=942"}],"version-history":[{"count":1,"href":"http:\/\/radiounion.es\/index.php\/wp-json\/wp\/v2\/posts\/942\/revisions"}],"predecessor-version":[{"id":944,"href":"http:\/\/radiounion.es\/index.php\/wp-json\/wp\/v2\/posts\/942\/revisions\/944"}],"wp:featuredmedia":[{"embeddable":true,"href":"http:\/\/radiounion.es\/index.php\/wp-json\/wp\/v2\/media\/943"}],"wp:attachment":[{"href":"http:\/\/radiounion.es\/index.php\/wp-json\/wp\/v2\/media?parent=942"}],"wp:term":[{"taxonomy":"category","embeddable":true,"href":"http:\/\/radiounion.es\/index.php\/wp-json\/wp\/v2\/categories?post=942"},{"taxonomy":"post_tag","embeddable":true,"href":"http:\/\/radiounion.es\/index.php\/wp-json\/wp\/v2\/tags?post=942"}],"curies":[{"name":"wp","href":"https:\/\/api.w.org\/{rel}","templated":true}]}}